{"id":385678,"date":"2023-04-25T06:03:00","date_gmt":"2023-04-25T10:03:00","guid":{"rendered":"https:\/\/primermomento.com\/?p=385678"},"modified":"2023-04-25T18:05:59","modified_gmt":"2023-04-25T22:05:59","slug":"nombran-a-shakira-mujer-del-ano-en-revista-billboard","status":"publish","type":"post","link":"https:\/\/primermomento.com\/?p=385678","title":{"rendered":"Nombran a Shakira Mujer del a\u00f1o en revista Billboard"},"content":{"rendered":"\n<p class=\"wp-block-paragraph\">LOS \u00c1NGELES, EEUU.- Parece que la controversia en el caso Shakira-Piqu\u00e9 dej\u00f3 a la artista exenta de quedar aislada y, lejos de ello, la barranquillera result\u00f3 nominada hoy Mujer del a\u00f1o por la revista Billboard.<\/p>\n\n\n\n<p class=\"wp-block-paragraph\">La autora de \u00e9xitos como \u00abOjos negros\u00bb o \u00abCiega, sordomuda\u00bb contin\u00faa su ramillete de reconocimientos con este nombramiento durante la primera gala de los premios \u00abMujeres Latinas en la M\u00fasica\u00bb.<\/p>\n\n\n\n<p class=\"wp-block-paragraph\">El galard\u00f3n a la superestrella se produce a ra\u00edz de un a\u00f1o extraordinario pues su tema \u00abShakira: Bzrp Music Sessions, Vol. 53\u00bb rompi\u00f3 14 r\u00e9cords Guinnes.<\/p>\n\n\n\n<p class=\"wp-block-paragraph\">Seg\u00fan el sitio oficial de Billboard, la idea es premiar a las mujeres artistas ejecutivas y creativas latinas que trabajan de manera proactiva, en la inclusi\u00f3n y la paridad de g\u00e9nero dentro de la industria musical.<\/p>\n\n\n\n<p class=\"wp-block-paragraph\">La gala tendr\u00e1 lugar el 7 de mayo en esta ciudad del espect\u00e1culo, y con ella nuevamente la cantante y compositora colombiana se alza, sobre todo, con el cari\u00f1o del p\u00fablico que durante d\u00e9cadas la sigue.<\/p>\n\n\n\n<p class=\"has-text-align-right wp-block-paragraph\"><em>PL<\/em><\/p>\n","protected":false},"excerpt":{"rendered":"<p>LOS \u00c1NGELES, EEUU.- Parece que la controversia en el caso Shakira-Piqu\u00e9 dej\u00f3 a la artista exenta de quedar aislada y, lejos de ello, la barranquillera result\u00f3 nominada hoy Mujer del a\u00f1o por la revista Billboard. La autora de \u00e9xitos como \u00abOjos negros\u00bb o \u00abCiega, sordomuda\u00bb contin\u00faa su ramillete de reconocimientos con este nombramiento durante la [&hellip;]<\/p>\n","protected":false},"author":1,"featured_media":382020,"comment_status":"open","ping_status":"open","sticky":false,"template":"","format":"standard","meta":{"_bbp_topic_count":0,"_bbp_reply_count":0,"_bbp_total_topic_count":0,"_bbp_total_reply_count":0,"_bbp_voice_count":0,"_bbp_anonymous_reply_count":0,"_bbp_topic_count_hidden":0,"_bbp_reply_count_hidden":0,"_bbp_forum_subforum_count":0,"footnotes":""},"categories":[39],"tags":[],"class_list":["post-385678","post","type-post","status-publish","format-standard","has-post-thumbnail","category-entretenimiento"],"_links":{"self":[{"href":"https:\/\/primermomento.com\/index.php?rest_route=\/wp\/v2\/posts\/385678","targetHints":{"allow":["GET"]}}],"collection":[{"href":"https:\/\/primermomento.com\/index.php?rest_route=\/wp\/v2\/posts"}],"about":[{"href":"https:\/\/primermomento.com\/index.php?rest_route=\/wp\/v2\/types\/post"}],"author":[{"embeddable":true,"href":"https:\/\/primermomento.com\/index.php?rest_route=\/wp\/v2\/users\/1"}],"replies":[{"embeddable":true,"href":"https:\/\/primermomento.com\/index.php?rest_route=%2Fwp%2Fv2%2Fcomments&post=385678"}],"version-history":[{"count":1,"href":"https:\/\/primermomento.com\/index.php?rest_route=\/wp\/v2\/posts\/385678\/revisions"}],"predecessor-version":[{"id":385679,"href":"https:\/\/primermomento.com\/index.php?rest_route=\/wp\/v2\/posts\/385678\/revisions\/385679"}],"wp:featuredmedia":[{"embeddable":true,"href":"https:\/\/primermomento.com\/index.php?rest_route=\/wp\/v2\/media\/382020"}],"wp:attachment":[{"href":"https:\/\/primermomento.com\/index.php?rest_route=%2Fwp%2Fv2%2Fmedia&parent=385678"}],"wp:term":[{"taxonomy":"category","embeddable":true,"href":"https:\/\/primermomento.com\/index.php?rest_route=%2Fwp%2Fv2%2Fcategories&post=385678"},{"taxonomy":"post_tag","embeddable":true,"href":"https:\/\/primermomento.com\/index.php?rest_route=%2Fwp%2Fv2%2Ftags&post=385678"}],"curies":[{"name":"wp","href":"https:\/\/api.w.org\/{rel}","templated":true}]}}