{"id":385779,"date":"2023-04-26T09:52:00","date_gmt":"2023-04-26T13:52:00","guid":{"rendered":"https:\/\/primermomento.com\/?p=385779"},"modified":"2023-04-26T17:57:08","modified_gmt":"2023-04-26T21:57:08","slug":"amy-winehouse-vuelve-a-su-publico-en-documentos-ineditos","status":"publish","type":"post","link":"https:\/\/primermomento.com\/?p=385779","title":{"rendered":"Amy Winehouse vuelve a su p\u00fablico en documentos in\u00e9ditos"},"content":{"rendered":"\n<p class=\"wp-block-paragraph\">LOS \u00c1NGELES, EEUU.- Una colecci\u00f3n de diarios in\u00e9ditos, letras escritas a mano y fotos personales de la fallecida cantante brit\u00e1nica Amy Winehouse (1983-2011) se lanzar\u00e1 este verano por primera vez, anunci\u00f3 hoy la revista Rolling Stone.<\/p>\n\n\n\n<p class=\"wp-block-paragraph\">Al igual que la colecci\u00f3n \u00abKurt Cobain: Journals\u00bb hace dos d\u00e9cadas\u00bb, ahora este lanzamiento de \u00abAmy Winehouse: In Her Words\u00bb ofrece una mirada \u00edntima y privada dentro de la mente de un talento generacional que muri\u00f3 tr\u00e1gicamente a la edad de 27 a\u00f1os.<\/p>\n\n\n\n<p class=\"wp-block-paragraph\">La compa\u00f1\u00eda editorial HarperCollins publicar\u00e1 la tapa dura de 288 p\u00e1ginas a todo color, de acuerdo con la fuente.<\/p>\n\n\n\n<p class=\"wp-block-paragraph\">\u00abAmy Winehouse: In Her Words\u00bb se estrenar\u00e1 el 29 de agosto, y llegar\u00e1 al p\u00fablico dos semanas antes de lo que habr\u00eda sido el 40 cumplea\u00f1os de la famosa cantante de \u00e9xitos como \u00abRehab\u00bb.<\/p>\n\n\n\n<p class=\"has-text-align-right wp-block-paragraph\"><em>PL<\/em><\/p>\n","protected":false},"excerpt":{"rendered":"<p>LOS \u00c1NGELES, EEUU.- Una colecci\u00f3n de diarios in\u00e9ditos, letras escritas a mano y fotos personales de la fallecida cantante brit\u00e1nica Amy Winehouse (1983-2011) se lanzar\u00e1 este verano por primera vez, anunci\u00f3 hoy la revista Rolling Stone. Al igual que la colecci\u00f3n \u00abKurt Cobain: Journals\u00bb hace dos d\u00e9cadas\u00bb, ahora este lanzamiento de \u00abAmy Winehouse: In Her [&hellip;]<\/p>\n","protected":false},"author":1,"featured_media":385780,"comment_status":"open","ping_status":"open","sticky":false,"template":"","format":"standard","meta":{"_bbp_topic_count":0,"_bbp_reply_count":0,"_bbp_total_topic_count":0,"_bbp_total_reply_count":0,"_bbp_voice_count":0,"_bbp_anonymous_reply_count":0,"_bbp_topic_count_hidden":0,"_bbp_reply_count_hidden":0,"_bbp_forum_subforum_count":0,"footnotes":""},"categories":[39],"tags":[],"class_list":["post-385779","post","type-post","status-publish","format-standard","has-post-thumbnail","category-entretenimiento"],"_links":{"self":[{"href":"https:\/\/primermomento.com\/index.php?rest_route=\/wp\/v2\/posts\/385779","targetHints":{"allow":["GET"]}}],"collection":[{"href":"https:\/\/primermomento.com\/index.php?rest_route=\/wp\/v2\/posts"}],"about":[{"href":"https:\/\/primermomento.com\/index.php?rest_route=\/wp\/v2\/types\/post"}],"author":[{"embeddable":true,"href":"https:\/\/primermomento.com\/index.php?rest_route=\/wp\/v2\/users\/1"}],"replies":[{"embeddable":true,"href":"https:\/\/primermomento.com\/index.php?rest_route=%2Fwp%2Fv2%2Fcomments&post=385779"}],"version-history":[{"count":1,"href":"https:\/\/primermomento.com\/index.php?rest_route=\/wp\/v2\/posts\/385779\/revisions"}],"predecessor-version":[{"id":385781,"href":"https:\/\/primermomento.com\/index.php?rest_route=\/wp\/v2\/posts\/385779\/revisions\/385781"}],"wp:featuredmedia":[{"embeddable":true,"href":"https:\/\/primermomento.com\/index.php?rest_route=\/wp\/v2\/media\/385780"}],"wp:attachment":[{"href":"https:\/\/primermomento.com\/index.php?rest_route=%2Fwp%2Fv2%2Fmedia&parent=385779"}],"wp:term":[{"taxonomy":"category","embeddable":true,"href":"https:\/\/primermomento.com\/index.php?rest_route=%2Fwp%2Fv2%2Fcategories&post=385779"},{"taxonomy":"post_tag","embeddable":true,"href":"https:\/\/primermomento.com\/index.php?rest_route=%2Fwp%2Fv2%2Ftags&post=385779"}],"curies":[{"name":"wp","href":"https:\/\/api.w.org\/{rel}","templated":true}]}}