{"id":385878,"date":"2023-04-27T19:53:25","date_gmt":"2023-04-27T23:53:25","guid":{"rendered":"https:\/\/primermomento.com\/?p=385878"},"modified":"2023-04-27T19:53:27","modified_gmt":"2023-04-27T23:53:27","slug":"abinader-inaugura-reconstruccion-carretera-de-acceso-a-la-presa-de-rincon","status":"publish","type":"post","link":"https:\/\/primermomento.com\/?p=385878","title":{"rendered":"Abinader inaugura reconstrucci\u00f3n carretera de acceso a la presa de Rinc\u00f3n"},"content":{"rendered":"\n<p>BONAO, Rep\u00fablica Dominicana.\u2013 El presidente Luis Abinader, acompa\u00f1ado del ministro de Obras P\u00fablicas Deligne Ascenci\u00f3n, inaugur\u00f3 este jueves la reconstrucci\u00f3n de la carretera del distrito municipal Sabana del Puerto y un centro de primer nivel en la localidad El Verde, en este municipio.<\/p>\n\n\n\n<p>La carretera da acceso a la presa Rinc\u00f3n y tiene una longitud de dos kil\u00f3metros. Para reconstruirla el Gobierno dice haber invertido m\u00e1s 50 millones de pesos.<\/p>\n\n\n\n<p>El ministro Ascenci\u00f3n, al pronunciar las palabras centrales del acto, explic\u00f3 que indic\u00f3 que adem\u00e1s de rehabilitar todo su pavimento, le fue realizado un relleno de base, colocada una sub-base y le fue hecha la debida se\u00f1alizaci\u00f3n.<\/p>\n\n\n\n<p>En el lugar donde culmina la carretera se realizan frecuentemente competencias de canotaje.<\/p>\n\n\n\n<p>\u201cHemos construido un helipuerto, que es uno de los requisitos indispensables que los t\u00e9cnicos de la Misi\u00f3n Organizadora de los Juegos Centroamericanos y el Comit\u00e9 Ol\u00edmpico del pa\u00eds, &nbsp;exigen para garant\u00eda de los deportistas y el personal t\u00e9cnico de apoyo que pudieran sufrir alg\u00fan percance durante la celebraci\u00f3n de las competencias de canotaje\u201d, agreg\u00f3.<\/p>\n\n\n\n<p>Expres\u00f3 que las instalaciones quedar\u00e1n disponibles con un buen mantenimiento para la cita del 2026 cuando Rep\u00fablica Dominicana ser\u00e1 la sede principal de los XXV juegos Centroamericanos y del Caribe.<\/p>\n\n\n\n<p>\u201cLas competencias de canotaje representan a uno de los siete deportes que se albergar\u00e1n en Rep\u00fablica Dominicana como pa\u00eds subsede de los XXIV Juegos Centroamericanos. Nuestro pa\u00eds ser\u00e1, adem\u00e1s, sede de las competencias de tiro, de hockey sobre c\u00e9sped, las ecuestres, el r\u00e1quetbol, el pentatl\u00f3n moderno y el taekwondo\u201d, explic\u00f3.<\/p>\n\n\n\n<p>La gobernadora provincial, Adela Mercedes Tejada,&nbsp;refiri\u00f3 que los comunitarios est\u00e1n llenos de j\u00fabilo por la nueva carretera, y porque, adem\u00e1s a partir de ahora tiene nuevo valor agregado el precio de los terrenos en toda la zona.<\/p>\n\n\n\n<p>El senador H\u00e9ctor Acosta dijo que despu\u00e9s de tantos a\u00f1os esperando la reconstrucci\u00f3n de la carretera, la comunidad tuvo que esperar que llegara al poder el presidente Luis Abinader para que eso se concretara.&nbsp;&nbsp;Agradeci\u00f3 al Presidente y al ministro Ascenci\u00f3n por hacer realidad la reconstrucci\u00f3n de la carretera.<\/p>\n\n\n\n<p>Al Presidente lo acompa\u00f1aron en la mesa principal de Adela Mercedes Tejada, gobernadora provincial; H\u00e9ctor Acosta, senador; Eberto&nbsp; N\u00fa\u00f1ez, alcalde del municipio cabecera de Bonao; los diputados Orlando Mart\u00ednez Pe\u00f1a y&nbsp;Norberto Ortiz; Juanito Romero alcalde del municipio Sabana del Puerto; Domingo Berm\u00fadez, comunitario; reverendo p\u00e1rroco Fausto Antonio Garc\u00eda.<\/p>\n\n\n\n<p>El ministro Ascenci\u00f3n estuvo acompa\u00f1ado de M\u00e9lito Santana Rinc\u00f3n, viceministro de Mantenimiento Vial; Rafael Espinal, director de Gabinete; Alejandro Brito, director de Vial, entre otros funcionarios.<\/p>\n","protected":false},"excerpt":{"rendered":"<p>BONAO, Rep\u00fablica Dominicana.\u2013 El presidente Luis Abinader, acompa\u00f1ado del ministro de Obras P\u00fablicas Deligne Ascenci\u00f3n, inaugur\u00f3 este jueves la reconstrucci\u00f3n de la carretera del distrito municipal Sabana del Puerto y un centro de primer nivel en la localidad El Verde, en este municipio. La carretera da acceso a la presa Rinc\u00f3n y tiene una longitud [&hellip;]<\/p>\n","protected":false},"author":1,"featured_media":385879,"comment_status":"open","ping_status":"open","sticky":false,"template":"","format":"standard","meta":{"_bbp_topic_count":0,"_bbp_reply_count":0,"_bbp_total_topic_count":0,"_bbp_total_reply_count":0,"_bbp_voice_count":0,"_bbp_anonymous_reply_count":0,"_bbp_topic_count_hidden":0,"_bbp_reply_count_hidden":0,"_bbp_forum_subforum_count":0,"footnotes":""},"categories":[30],"tags":[],"class_list":{"0":"post-385878","1":"post","2":"type-post","3":"status-publish","4":"format-standard","5":"has-post-thumbnail","7":"category-actualidad"},"_links":{"self":[{"href":"https:\/\/primermomento.com\/index.php?rest_route=\/wp\/v2\/posts\/385878","targetHints":{"allow":["GET"]}}],"collection":[{"href":"https:\/\/primermomento.com\/index.php?rest_route=\/wp\/v2\/posts"}],"about":[{"href":"https:\/\/primermomento.com\/index.php?rest_route=\/wp\/v2\/types\/post"}],"author":[{"embeddable":true,"href":"https:\/\/primermomento.com\/index.php?rest_route=\/wp\/v2\/users\/1"}],"replies":[{"embeddable":true,"href":"https:\/\/primermomento.com\/index.php?rest_route=%2Fwp%2Fv2%2Fcomments&post=385878"}],"version-history":[{"count":1,"href":"https:\/\/primermomento.com\/index.php?rest_route=\/wp\/v2\/posts\/385878\/revisions"}],"predecessor-version":[{"id":385880,"href":"https:\/\/primermomento.com\/index.php?rest_route=\/wp\/v2\/posts\/385878\/revisions\/385880"}],"wp:featuredmedia":[{"embeddable":true,"href":"https:\/\/primermomento.com\/index.php?rest_route=\/wp\/v2\/media\/385879"}],"wp:attachment":[{"href":"https:\/\/primermomento.com\/index.php?rest_route=%2Fwp%2Fv2%2Fmedia&parent=385878"}],"wp:term":[{"taxonomy":"category","embeddable":true,"href":"https:\/\/primermomento.com\/index.php?rest_route=%2Fwp%2Fv2%2Fcategories&post=385878"},{"taxonomy":"post_tag","embeddable":true,"href":"https:\/\/primermomento.com\/index.php?rest_route=%2Fwp%2Fv2%2Ftags&post=385878"}],"curies":[{"name":"wp","href":"https:\/\/api.w.org\/{rel}","templated":true}]}}