{"id":385891,"date":"2023-04-27T08:44:00","date_gmt":"2023-04-27T12:44:00","guid":{"rendered":"https:\/\/primermomento.com\/?p=385891"},"modified":"2023-04-27T20:47:23","modified_gmt":"2023-04-28T00:47:23","slug":"karol-g-anuncia-primera-gira-por-estadios-de-eeuu","status":"publish","type":"post","link":"https:\/\/primermomento.com\/?p=385891","title":{"rendered":"Karol G anuncia primera gira por estadios de EEUU"},"content":{"rendered":"\n<p class=\"wp-block-paragraph\">LOS \u00c1NGELES, EEUU.- La cantante colombiana Karol G saldr\u00e1 por primera vez a la carretera de gira por Estados Unidos el pr\u00f3ximo 11 de agosto, inform\u00f3 hoy el medio especializado Variety.<\/p>\n\n\n\n<p class=\"wp-block-paragraph\">Producida por Live Nation, la gira de seis fechas est\u00e1 programada para comenzar en el Allegiant Stadium de la ciudad de Las Vegas, y llegar\u00e1 a Pasadena, Miami, Houston y Dallas, con fecha final el 7 de septiembre en el Metlife Stadium en East Rutherford, en New Jersey.<\/p>\n\n\n\n<p class=\"wp-block-paragraph\">La vocalista y compositora destac\u00f3 que hay m\u00e1s fechas, pero estas son las \u00fanicas que pudo anunciar en su historia de Instagram.<\/p>\n\n\n\n<p class=\"wp-block-paragraph\">Con estos conciertos del \u00abMa\u00f1ana ser\u00e1 bonito Tour\u00bb, Karol G est\u00e1 apoyando su \u00e1lbum que encabez\u00f3 varias listas de \u00e9xitos.<\/p>\n\n\n\n<p class=\"wp-block-paragraph\">Este fonograma hizo historia en el Billboard 200 a principios de este a\u00f1o como el primer disco en espa\u00f1ol de una artista femenina en llegar al puesto n\u00famero uno, record\u00f3 Variety.<\/p>\n\n\n\n<p class=\"wp-block-paragraph\">La producci\u00f3n aprovecha al m\u00e1ximo el pop, rock, reggaeton, regional mexicano y electr\u00f3nica en sus temas.<\/p>\n\n\n\n<p class=\"wp-block-paragraph\">Ma\u00f1ana ser\u00e1 bonito es el cuarto \u00e1lbum de estudio de la int\u00e9rprete colombiana y fue lanzado el 24 de febrero de este a\u00f1o a trav\u00e9s de Universal Music Latino.\u200b<\/p>\n\n\n\n<p class=\"has-text-align-right wp-block-paragraph\"><em>PL<\/em><\/p>\n","protected":false},"excerpt":{"rendered":"<p>LOS \u00c1NGELES, EEUU.- La cantante colombiana Karol G saldr\u00e1 por primera vez a la carretera de gira por Estados Unidos el pr\u00f3ximo 11 de agosto, inform\u00f3 hoy el medio especializado Variety. Producida por Live Nation, la gira de seis fechas est\u00e1 programada para comenzar en el Allegiant Stadium de la ciudad de Las Vegas, y [&hellip;]<\/p>\n","protected":false},"author":1,"featured_media":385892,"comment_status":"open","ping_status":"open","sticky":false,"template":"","format":"standard","meta":{"_bbp_topic_count":0,"_bbp_reply_count":0,"_bbp_total_topic_count":0,"_bbp_total_reply_count":0,"_bbp_voice_count":0,"_bbp_anonymous_reply_count":0,"_bbp_topic_count_hidden":0,"_bbp_reply_count_hidden":0,"_bbp_forum_subforum_count":0,"footnotes":""},"categories":[39],"tags":[],"class_list":["post-385891","post","type-post","status-publish","format-standard","has-post-thumbnail","category-entretenimiento"],"_links":{"self":[{"href":"https:\/\/primermomento.com\/index.php?rest_route=\/wp\/v2\/posts\/385891","targetHints":{"allow":["GET"]}}],"collection":[{"href":"https:\/\/primermomento.com\/index.php?rest_route=\/wp\/v2\/posts"}],"about":[{"href":"https:\/\/primermomento.com\/index.php?rest_route=\/wp\/v2\/types\/post"}],"author":[{"embeddable":true,"href":"https:\/\/primermomento.com\/index.php?rest_route=\/wp\/v2\/users\/1"}],"replies":[{"embeddable":true,"href":"https:\/\/primermomento.com\/index.php?rest_route=%2Fwp%2Fv2%2Fcomments&post=385891"}],"version-history":[{"count":1,"href":"https:\/\/primermomento.com\/index.php?rest_route=\/wp\/v2\/posts\/385891\/revisions"}],"predecessor-version":[{"id":385893,"href":"https:\/\/primermomento.com\/index.php?rest_route=\/wp\/v2\/posts\/385891\/revisions\/385893"}],"wp:featuredmedia":[{"embeddable":true,"href":"https:\/\/primermomento.com\/index.php?rest_route=\/wp\/v2\/media\/385892"}],"wp:attachment":[{"href":"https:\/\/primermomento.com\/index.php?rest_route=%2Fwp%2Fv2%2Fmedia&parent=385891"}],"wp:term":[{"taxonomy":"category","embeddable":true,"href":"https:\/\/primermomento.com\/index.php?rest_route=%2Fwp%2Fv2%2Fcategories&post=385891"},{"taxonomy":"post_tag","embeddable":true,"href":"https:\/\/primermomento.com\/index.php?rest_route=%2Fwp%2Fv2%2Ftags&post=385891"}],"curies":[{"name":"wp","href":"https:\/\/api.w.org\/{rel}","templated":true}]}}