{"id":385973,"date":"2023-04-28T07:07:00","date_gmt":"2023-04-28T11:07:00","guid":{"rendered":"https:\/\/primermomento.com\/?p=385973"},"modified":"2023-04-28T15:11:56","modified_gmt":"2023-04-28T19:11:56","slug":"democratas-dudan-de-la-edad-del-presidente-ante-campana-de-reeleccion-2024","status":"publish","type":"post","link":"https:\/\/primermomento.com\/?p=385973","title":{"rendered":"Dem\u00f3cratas dudan de la edad del presidente ante campa\u00f1a de reelecci\u00f3n 2024"},"content":{"rendered":"\n<p>WASHINGTON, EEUU.- La edad es hoy para muchos dem\u00f3cratas la mayor vulnerabilidad del presidente Joe Biden de cara a una campa\u00f1a electoral por un segundo mandato en los comicios de Estados Unidos en 2024.<\/p>\n\n\n\n<p>\u00abTodos los dem\u00f3cratas est\u00e1n un poco asustados, pero nadie quiere decirlo p\u00fablicamente\u00bb, reconoc\u00eda esta semana un consultor de ese partido, citado por el diario The Hill.<\/p>\n\n\n\n<p>El mandatario cumplir\u00e1 81 a\u00f1os en noviembre y tendr\u00eda 86 al final de un segundo periodo en la Casa Blanca.<\/p>\n\n\n\n<p>Ya es el presidente de m\u00e1s edad en la historia de Estados Unidos, un r\u00e9cord que bate cada d\u00eda en el cargo, acot\u00f3 el rotativo.<\/p>\n\n\n\n<p>Los estrategas del Partido Dem\u00f3crata consideran el tema la principal raz\u00f3n de una contradicci\u00f3n en las encuestas: La mayor\u00eda de los afiliados a esa tendencia ideol\u00f3gica aprueban el primer mandato de Biden, pero m\u00e1s de la mitad de los encuestados dicen que ahora no deber\u00eda volver a presentarse.<\/p>\n\n\n\n<p>Cuando Biden anunci\u00f3 su candidatura el 25 de abril, algunos correligionarios expresaron en privado su preocupaci\u00f3n, aunque reconocen que ha tenido un par de a\u00f1os exitosos, en particular en el frente legislativo.<\/p>\n\n\n\n<p>Pero persiste cierta inquietud sobre si el actual ocupante de la mansi\u00f3n ejecutiva puede, en \u00faltima instancia, conseguir otra victoria el pr\u00f3ximo a\u00f1o, apunt\u00f3 el peri\u00f3dico.<\/p>\n\n\n\n<p>La edad de Biden es fuente de ataques por parte de sus posibles rivales y medios de prensa est\u00e1n pendientes de cualquier desliz del gobernante, que ha dado muestras de p\u00e9rdida de memoria, confusiones y ha tenido algunos percances como traspi\u00e9s y ca\u00eddas.<\/p>\n\n\n\n<p>Por el lado dem\u00f3crata los desafiar\u00e1n el abogado ambientalista Robert F. Kennedy Jr., y la denominada gur\u00fa de la autoayuda Marianne Williamson, que entraron en campa\u00f1a en busca de la nominaci\u00f3n del partido.<\/p>\n\n\n\n<p>De la parte republicana, el expresidente Donald Trump (2017-2021) dio a conocer su tercera candidatura el pasado 15 de noviembre, y a inicios de este a\u00f1o lo hizo la exgobernadora de Carolina del Sur Nikki Haley.<\/p>\n\n\n\n<p>Tambi\u00e9n quieren la nominaci\u00f3n del Partido Republicano el locutor de radio Larry Elder, el empresario Vivek Ramaswamy; el exgobernador de Arkansas Asa Hutchinson y Tim Scott, senador por Carolina del Sur.<\/p>\n\n\n\n<p>Por su parte, el gobernador de Florida, Ron DeSantis, sigue sin dar el paso oficial hacia la campa\u00f1a, aunque expertos dicen que lo suyo es un secreto a voces, incluso lo se\u00f1alan como el rival m\u00e1s fuerte para Trump en la eventual lucha por el cupo en la boleta presidencial el venidero a\u00f1o.<\/p>\n\n\n\n<p>El ex vicepresidente Mike Pence todav\u00eda mantiene el suspenso y el exsecretario de Estado Mike Pompeo (2018-2021) admiti\u00f3 que declinaba el reto porque no es su momento.<\/p>\n\n\n\n<p>Los expertos auguran para 2024 el duelo revancha entre Biden y Trump, que, por cierto, para entonces tendr\u00eda 78 a\u00f1os.<\/p>\n\n\n\n<p class=\"has-text-align-right\"><em>PL<\/em><\/p>\n","protected":false},"excerpt":{"rendered":"<p>WASHINGTON, EEUU.- La edad es hoy para muchos dem\u00f3cratas la mayor vulnerabilidad del presidente Joe Biden de cara a una campa\u00f1a electoral por un segundo mandato en los comicios de Estados Unidos en 2024. \u00abTodos los dem\u00f3cratas est\u00e1n un poco asustados, pero nadie quiere decirlo p\u00fablicamente\u00bb, reconoc\u00eda esta semana un consultor de ese partido, citado [&hellip;]<\/p>\n","protected":false},"author":1,"featured_media":385974,"comment_status":"open","ping_status":"open","sticky":false,"template":"","format":"standard","meta":{"_bbp_topic_count":0,"_bbp_reply_count":0,"_bbp_total_topic_count":0,"_bbp_total_reply_count":0,"_bbp_voice_count":0,"_bbp_anonymous_reply_count":0,"_bbp_topic_count_hidden":0,"_bbp_reply_count_hidden":0,"_bbp_forum_subforum_count":0,"footnotes":""},"categories":[61],"tags":[],"class_list":{"0":"post-385973","1":"post","2":"type-post","3":"status-publish","4":"format-standard","5":"has-post-thumbnail","7":"category-mundo"},"_links":{"self":[{"href":"https:\/\/primermomento.com\/index.php?rest_route=\/wp\/v2\/posts\/385973","targetHints":{"allow":["GET"]}}],"collection":[{"href":"https:\/\/primermomento.com\/index.php?rest_route=\/wp\/v2\/posts"}],"about":[{"href":"https:\/\/primermomento.com\/index.php?rest_route=\/wp\/v2\/types\/post"}],"author":[{"embeddable":true,"href":"https:\/\/primermomento.com\/index.php?rest_route=\/wp\/v2\/users\/1"}],"replies":[{"embeddable":true,"href":"https:\/\/primermomento.com\/index.php?rest_route=%2Fwp%2Fv2%2Fcomments&post=385973"}],"version-history":[{"count":1,"href":"https:\/\/primermomento.com\/index.php?rest_route=\/wp\/v2\/posts\/385973\/revisions"}],"predecessor-version":[{"id":385975,"href":"https:\/\/primermomento.com\/index.php?rest_route=\/wp\/v2\/posts\/385973\/revisions\/385975"}],"wp:featuredmedia":[{"embeddable":true,"href":"https:\/\/primermomento.com\/index.php?rest_route=\/wp\/v2\/media\/385974"}],"wp:attachment":[{"href":"https:\/\/primermomento.com\/index.php?rest_route=%2Fwp%2Fv2%2Fmedia&parent=385973"}],"wp:term":[{"taxonomy":"category","embeddable":true,"href":"https:\/\/primermomento.com\/index.php?rest_route=%2Fwp%2Fv2%2Fcategories&post=385973"},{"taxonomy":"post_tag","embeddable":true,"href":"https:\/\/primermomento.com\/index.php?rest_route=%2Fwp%2Fv2%2Ftags&post=385973"}],"curies":[{"name":"wp","href":"https:\/\/api.w.org\/{rel}","templated":true}]}}