{"id":385982,"date":"2023-04-28T16:27:04","date_gmt":"2023-04-28T20:27:04","guid":{"rendered":"https:\/\/primermomento.com\/?p=385982"},"modified":"2023-04-29T20:18:00","modified_gmt":"2023-04-30T00:18:00","slug":"presidente-abinader-inaugurara-varias-obras-en-el-gran-santo-domingo","status":"publish","type":"post","link":"https:\/\/primermomento.com\/?p=385982","title":{"rendered":"Presidente Abinader inaugurar\u00e1 varias obras en el Gran Santo Domingo"},"content":{"rendered":"\n<p>SANTO DOMINGO, Rep\u00fablica Dominicana.- El presidente Luis Abinader agotar\u00e1 este s\u00e1bado y el lunes en la provincia Santo Domingo y el Distrito Nacional, una amplia agenda de trabajo que incluye inauguraciones de importantes obras y el acto de celebraci\u00f3n por el D\u00eda Internacional de Los Trabajadores.<\/p>\n\n\n\n<p>Del mismo modo, el domingo la vicepresidenta Raquel Pe\u00f1a inaugurar\u00e1 varias obras en las provincias La Altagracia, el Seibo y Hato Mayor.<\/p>\n\n\n\n<p><strong>S\u00e1bado 29<\/strong><\/p>\n\n\n\n<p>La agenda del mandatario iniciar\u00e1 este s\u00e1bado a las 10:30 de la ma\u00f1ana, con la inauguraci\u00f3n del remozamiento y ampliaci\u00f3n de la Emergencia del Hospital Robert Read Cabral.<\/p>\n\n\n\n<p>Posteriormente, el jefe de Estado dejar\u00e1 inaugurado el mejoramiento de h\u00e1bitat del sector Los Frailes, que incluye 6 kil\u00f3metros calles, aceras, contenes, reparaci\u00f3n de 100 viviendas y entrega de 6 nuevas.<\/p>\n\n\n\n<p>Luego, el gobernante inaugurar\u00e1 un Centro de Atenci\u00f3n Primaria (CDAP) en la Ciudad Juan Bosch.<\/p>\n\n\n\n<p>El presidente Abinader concluir\u00e1 su agenda del s\u00e1bado con la inauguraci\u00f3n de la Escuela B\u00e1sica de Mandinga.<\/p>\n\n\n\n<p><strong>Domingo 30 vicepresidenta agota agenda de inauguraci\u00f3n<\/strong><\/p>\n\n\n\n<p>Para el domingo 30, la vicepresidenta Raquel Pe\u00f1a tiene programado dejar inaugurado el Polideportivo de Nisib\u00f3n, en la provincia de La Altagracia.<\/p>\n\n\n\n<p>M\u00e1s tarde, Pe\u00f1a dejar\u00e1 inaugurado el Polideportivo de Miches y har\u00e1 el anuncio de la inauguraci\u00f3n del Polideportivo de El Seibo.<\/p>\n\n\n\n<p>De igual forma, la vicepresidenta inaugurar\u00e1 el Polideportivo del Valle, Hato Mayor.<\/p>\n\n\n\n<p><strong>Lunes 1 de Mayo<\/strong><\/p>\n\n\n\n<p>Retomando su agenda de trabajo, el presidente Abinader encabezar\u00e1 el lunes el acto de celebraci\u00f3n del D\u00eda Internacional de Los Trabajadores, en el Pabell\u00f3n de Voleibol Ricardo Gioriber Arias, del Centro Ol\u00edmpico Juan Pablo Duarte.<\/p>\n\n\n\n<p>El mandatario tambi\u00e9n inaugurar\u00e1 el inicio de las operaciones de la segunda L\u00ednea del Telef\u00e9rico de Santo Domingo Los Alcarrizos. Luego de culminado el per\u00edodo de prueba reglamentario y obtener la certificaci\u00f3n internacional que avala las operaciones de este tipo de sistema de transporte urbano, est\u00e1 todo listo para que las 4 estaciones del sistema y sus 163 cabinas inicien su servicio a la ciudadan\u00eda.<\/p>\n","protected":false},"excerpt":{"rendered":"<p>SANTO DOMINGO, Rep\u00fablica Dominicana.- El presidente Luis Abinader agotar\u00e1 este s\u00e1bado y el lunes en la provincia Santo Domingo y el Distrito Nacional, una amplia agenda de trabajo que incluye inauguraciones de importantes obras y el acto de celebraci\u00f3n por el D\u00eda Internacional de Los Trabajadores. Del mismo modo, el domingo la vicepresidenta Raquel Pe\u00f1a [&hellip;]<\/p>\n","protected":false},"author":1,"featured_media":385983,"comment_status":"open","ping_status":"open","sticky":false,"template":"","format":"standard","meta":{"_bbp_topic_count":0,"_bbp_reply_count":0,"_bbp_total_topic_count":0,"_bbp_total_reply_count":0,"_bbp_voice_count":0,"_bbp_anonymous_reply_count":0,"_bbp_topic_count_hidden":0,"_bbp_reply_count_hidden":0,"_bbp_forum_subforum_count":0,"footnotes":""},"categories":[30,109],"tags":[],"class_list":{"0":"post-385982","1":"post","2":"type-post","3":"status-publish","4":"format-standard","5":"has-post-thumbnail","7":"category-actualidad","8":"category-eleccion"},"_links":{"self":[{"href":"https:\/\/primermomento.com\/index.php?rest_route=\/wp\/v2\/posts\/385982","targetHints":{"allow":["GET"]}}],"collection":[{"href":"https:\/\/primermomento.com\/index.php?rest_route=\/wp\/v2\/posts"}],"about":[{"href":"https:\/\/primermomento.com\/index.php?rest_route=\/wp\/v2\/types\/post"}],"author":[{"embeddable":true,"href":"https:\/\/primermomento.com\/index.php?rest_route=\/wp\/v2\/users\/1"}],"replies":[{"embeddable":true,"href":"https:\/\/primermomento.com\/index.php?rest_route=%2Fwp%2Fv2%2Fcomments&post=385982"}],"version-history":[{"count":1,"href":"https:\/\/primermomento.com\/index.php?rest_route=\/wp\/v2\/posts\/385982\/revisions"}],"predecessor-version":[{"id":385984,"href":"https:\/\/primermomento.com\/index.php?rest_route=\/wp\/v2\/posts\/385982\/revisions\/385984"}],"wp:featuredmedia":[{"embeddable":true,"href":"https:\/\/primermomento.com\/index.php?rest_route=\/wp\/v2\/media\/385983"}],"wp:attachment":[{"href":"https:\/\/primermomento.com\/index.php?rest_route=%2Fwp%2Fv2%2Fmedia&parent=385982"}],"wp:term":[{"taxonomy":"category","embeddable":true,"href":"https:\/\/primermomento.com\/index.php?rest_route=%2Fwp%2Fv2%2Fcategories&post=385982"},{"taxonomy":"post_tag","embeddable":true,"href":"https:\/\/primermomento.com\/index.php?rest_route=%2Fwp%2Fv2%2Ftags&post=385982"}],"curies":[{"name":"wp","href":"https:\/\/api.w.org\/{rel}","templated":true}]}}