{"id":385988,"date":"2023-04-28T08:02:00","date_gmt":"2023-04-28T12:02:00","guid":{"rendered":"https:\/\/primermomento.com\/?p=385988"},"modified":"2023-04-28T17:15:26","modified_gmt":"2023-04-28T21:15:26","slug":"llega-el-tiburon-mas-grande-del-mundo-a-cines-de-estados-unidos","status":"publish","type":"post","link":"https:\/\/primermomento.com\/?p=385988","title":{"rendered":"Llega el tibur\u00f3n m\u00e1s grande del mundo a cines de Estados Unidos"},"content":{"rendered":"\n<p class=\"wp-block-paragraph\">LOS \u00c1NGELES, EEUU.- La pel\u00edcula The Black Demon tiene su estreno hoy en los cines de Estados Unidos, momento que ya esperaban expectantes todos los seguidores de estas aventuras terror\u00edficas de alta mar.<\/p>\n\n\n\n<p class=\"wp-block-paragraph\">El Demonio Negro gira en torno a una historia de suspenso en la que sus protagonistas est\u00e1n atrapados en una plataforma de petr\u00f3leo y deben tratar de salvarse del gigante escualo.<\/p>\n\n\n\n<p class=\"wp-block-paragraph\">Basada en la famosa leyenda mexicana del \u00abDemonio Negro\u00bb, sobre un megalod\u00f3n que supuestamente ronda las costas de Baja California, esta aventura de terror entrega una nueva mirada al subg\u00e9nero de los tiburones asesinos, seg\u00fan publicaron varios sitios digitales relacionados con la publicidad de cine y televisi\u00f3n, como IMDb.<\/p>\n\n\n\n<p class=\"wp-block-paragraph\">Las empresas estadounidenses y dominicanas Lantica Media, Mucho M\u00e1s Media y Silk Mass se encargaron de darle vida al proyecto, protagonizado por estrellas latinas como Ra\u00fal M\u00e9ndez (el polic\u00eda de la serie Enemigo \u00edntimo, 2018-2020) y por Josh Lucas (Hulk, 2003), entre otros.<\/p>\n\n\n\n<p class=\"wp-block-paragraph\">El filme est\u00e1 dirigido por Adrian Grunberg, quien fungi\u00f3 como primer asistente de direcci\u00f3n con realizadores, como Mel Gibson y Oliver Stone, y ahora llega con su propia producci\u00f3n, anunciada desde octubre de 2021 para su estreno este a\u00f1o, report\u00f3 tambi\u00e9n NBC News.<\/p>\n\n\n\n<p class=\"wp-block-paragraph\">La revista Variety inform\u00f3 desde ese entonces que Lucas iba a encarnar el papel principal en este thriller de tiburones, cuyo rodaje se desarroll\u00f3 en playas de la Rep\u00fablica Dominicana y el cual este 28 de abril es ya una realidad.<\/p>\n\n\n\n<p class=\"has-text-align-right wp-block-paragraph\"><em>PL<\/em><\/p>\n","protected":false},"excerpt":{"rendered":"<p>LOS \u00c1NGELES, EEUU.- La pel\u00edcula The Black Demon tiene su estreno hoy en los cines de Estados Unidos, momento que ya esperaban expectantes todos los seguidores de estas aventuras terror\u00edficas de alta mar. El Demonio Negro gira en torno a una historia de suspenso en la que sus protagonistas est\u00e1n atrapados en una plataforma de [&hellip;]<\/p>\n","protected":false},"author":1,"featured_media":385989,"comment_status":"open","ping_status":"open","sticky":false,"template":"","format":"standard","meta":{"_bbp_topic_count":0,"_bbp_reply_count":0,"_bbp_total_topic_count":0,"_bbp_total_reply_count":0,"_bbp_voice_count":0,"_bbp_anonymous_reply_count":0,"_bbp_topic_count_hidden":0,"_bbp_reply_count_hidden":0,"_bbp_forum_subforum_count":0,"footnotes":""},"categories":[39],"tags":[],"class_list":["post-385988","post","type-post","status-publish","format-standard","has-post-thumbnail","category-entretenimiento"],"_links":{"self":[{"href":"https:\/\/primermomento.com\/index.php?rest_route=\/wp\/v2\/posts\/385988","targetHints":{"allow":["GET"]}}],"collection":[{"href":"https:\/\/primermomento.com\/index.php?rest_route=\/wp\/v2\/posts"}],"about":[{"href":"https:\/\/primermomento.com\/index.php?rest_route=\/wp\/v2\/types\/post"}],"author":[{"embeddable":true,"href":"https:\/\/primermomento.com\/index.php?rest_route=\/wp\/v2\/users\/1"}],"replies":[{"embeddable":true,"href":"https:\/\/primermomento.com\/index.php?rest_route=%2Fwp%2Fv2%2Fcomments&post=385988"}],"version-history":[{"count":1,"href":"https:\/\/primermomento.com\/index.php?rest_route=\/wp\/v2\/posts\/385988\/revisions"}],"predecessor-version":[{"id":385990,"href":"https:\/\/primermomento.com\/index.php?rest_route=\/wp\/v2\/posts\/385988\/revisions\/385990"}],"wp:featuredmedia":[{"embeddable":true,"href":"https:\/\/primermomento.com\/index.php?rest_route=\/wp\/v2\/media\/385989"}],"wp:attachment":[{"href":"https:\/\/primermomento.com\/index.php?rest_route=%2Fwp%2Fv2%2Fmedia&parent=385988"}],"wp:term":[{"taxonomy":"category","embeddable":true,"href":"https:\/\/primermomento.com\/index.php?rest_route=%2Fwp%2Fv2%2Fcategories&post=385988"},{"taxonomy":"post_tag","embeddable":true,"href":"https:\/\/primermomento.com\/index.php?rest_route=%2Fwp%2Fv2%2Ftags&post=385988"}],"curies":[{"name":"wp","href":"https:\/\/api.w.org\/{rel}","templated":true}]}}