{"id":386024,"date":"2023-04-29T17:00:00","date_gmt":"2023-04-29T21:00:00","guid":{"rendered":"https:\/\/primermomento.com\/?p=386024"},"modified":"2023-04-29T20:48:53","modified_gmt":"2023-04-30T00:48:53","slug":"colombia-panama-y-eeuu-incautan-toneladas-de-cocaina-en-el-caribe","status":"publish","type":"post","link":"https:\/\/primermomento.com\/?p=386024","title":{"rendered":"Colombia, Panam\u00e1 y EEUU incautan toneladas de coca\u00edna en el Caribe"},"content":{"rendered":"\n<p>BOGOTA, Colombia.- La Fuerza A\u00e9rea Colombiana y la Armada Nacional incautaron en aguas del Mar Caribe, 5,5 toneladas de coca\u00edna, como parte de operaciones conjuntas con instituciones de Panam\u00e1 y Estados Unidos, refiere el sitio de la presidencia.<\/p>\n\n\n\n<p>Los trabajos de interceptaci\u00f3n de los alijos, que representan m\u00e1s de 13 millones de dosis de coca\u00edna en el mercado ilegal internacional son considerados como la operaci\u00f3n exitosa de interdicci\u00f3n e incautaci\u00f3n m\u00e1s grande realizada por las autoridades en lo que va del 2023, resalta el texto.<\/p>\n\n\n\n<p>Sobre el hecho el presidente Gustavo Petro destac\u00f3 en su cuenta de Twitter la colaboraci\u00f3n entre \u201clas autoridades de Colombia, Panam\u00e1 y Estados Unidos\u201d.<\/p>\n\n\n\n<p>Seg\u00fan estad\u00edsticas, esta contenci\u00f3n supera los 184 millones de d\u00f3lares, pero no ha sido la \u00fanica en conjunto con autoridades de Panam\u00e1 y Estados Unidos.<\/p>\n\n\n\n<p>Con estos resultados conjuntos y multinacionales se consigui\u00f3 el objetivo de afectar la cadena log\u00edstica y financiera de los grupos que utilizan los corredores mar\u00edtimos para el transporte de drogas il\u00edcitas.<\/p>\n\n\n\n<p>De esta forma, la Fuerza Naval del Caribe evit\u00f3 que un total de 45,1 toneladas de clorhidrato de coca\u00edna lleguen a sus puertos de destino en lo corrido del a\u00f1o, que representan mil 521 millones de d\u00f3lares a las finanzas de las organizaciones multicrimen.<\/p>\n\n\n\n<p class=\"has-text-align-right\"><em>PL<\/em><\/p>\n","protected":false},"excerpt":{"rendered":"<p>BOGOTA, Colombia.- La Fuerza A\u00e9rea Colombiana y la Armada Nacional incautaron en aguas del Mar Caribe, 5,5 toneladas de coca\u00edna, como parte de operaciones conjuntas con instituciones de Panam\u00e1 y Estados Unidos, refiere el sitio de la presidencia. Los trabajos de interceptaci\u00f3n de los alijos, que representan m\u00e1s de 13 millones de dosis de coca\u00edna [&hellip;]<\/p>\n","protected":false},"author":1,"featured_media":386025,"comment_status":"open","ping_status":"open","sticky":false,"template":"","format":"standard","meta":{"_bbp_topic_count":0,"_bbp_reply_count":0,"_bbp_total_topic_count":0,"_bbp_total_reply_count":0,"_bbp_voice_count":0,"_bbp_anonymous_reply_count":0,"_bbp_topic_count_hidden":0,"_bbp_reply_count_hidden":0,"_bbp_forum_subforum_count":0,"footnotes":""},"categories":[61],"tags":[],"class_list":{"0":"post-386024","1":"post","2":"type-post","3":"status-publish","4":"format-standard","5":"has-post-thumbnail","7":"category-mundo"},"_links":{"self":[{"href":"https:\/\/primermomento.com\/index.php?rest_route=\/wp\/v2\/posts\/386024","targetHints":{"allow":["GET"]}}],"collection":[{"href":"https:\/\/primermomento.com\/index.php?rest_route=\/wp\/v2\/posts"}],"about":[{"href":"https:\/\/primermomento.com\/index.php?rest_route=\/wp\/v2\/types\/post"}],"author":[{"embeddable":true,"href":"https:\/\/primermomento.com\/index.php?rest_route=\/wp\/v2\/users\/1"}],"replies":[{"embeddable":true,"href":"https:\/\/primermomento.com\/index.php?rest_route=%2Fwp%2Fv2%2Fcomments&post=386024"}],"version-history":[{"count":1,"href":"https:\/\/primermomento.com\/index.php?rest_route=\/wp\/v2\/posts\/386024\/revisions"}],"predecessor-version":[{"id":386026,"href":"https:\/\/primermomento.com\/index.php?rest_route=\/wp\/v2\/posts\/386024\/revisions\/386026"}],"wp:featuredmedia":[{"embeddable":true,"href":"https:\/\/primermomento.com\/index.php?rest_route=\/wp\/v2\/media\/386025"}],"wp:attachment":[{"href":"https:\/\/primermomento.com\/index.php?rest_route=%2Fwp%2Fv2%2Fmedia&parent=386024"}],"wp:term":[{"taxonomy":"category","embeddable":true,"href":"https:\/\/primermomento.com\/index.php?rest_route=%2Fwp%2Fv2%2Fcategories&post=386024"},{"taxonomy":"post_tag","embeddable":true,"href":"https:\/\/primermomento.com\/index.php?rest_route=%2Fwp%2Fv2%2Ftags&post=386024"}],"curies":[{"name":"wp","href":"https:\/\/api.w.org\/{rel}","templated":true}]}}