{"id":386116,"date":"2023-04-30T08:13:00","date_gmt":"2023-04-30T12:13:00","guid":{"rendered":"https:\/\/primermomento.com\/?p=386116"},"modified":"2023-04-30T15:16:26","modified_gmt":"2023-04-30T19:16:26","slug":"orquesta-aragon-de-cuba-a-teatro-repleto-en-nueva-york","status":"publish","type":"post","link":"https:\/\/primermomento.com\/?p=386116","title":{"rendered":"Orquesta Arag\u00f3n de Cuba a teatro repleto en Nueva York\u00a0"},"content":{"rendered":"\n<p class=\"wp-block-paragraph\">NUEVA YORK, EEUU.- La Orquesta Arag\u00f3n, de Cuba, que desde 1939 hasta hoy ha puesto a bailar a millones de seguidores, efectu\u00f3 un concierto a teatro repleto en el Centro Lehman de Artes Esc\u00e9nicas, en el Bronx de NuevaYork.<\/p>\n\n\n\n<p class=\"wp-block-paragraph\">El p\u00fablico disfrut\u00f3 la v\u00edspera de la m\u00fasica tradicional cubana al ritmo de una de las m\u00e1s reconocidas y emblem\u00e1ticas agrupaciones de los siglos XX y XXI, rese\u00f1\u00f3 en su perfil de Facebook el viceministro primero de Relaciones Exteriores de Cuba, Gerardo Pe\u00f1alver.<\/p>\n\n\n\n<p class=\"wp-block-paragraph\">La Arag\u00f3n, dirigida por el maestro Rafael Lay (hijo), interpret\u00f3 temas de sus \u00faltimos dos discos, \u201cIcono\u201d y \u201cCha cha ch\u00e1: homenaje a lo tradicional\u201d, con los que gan\u00f3 el Grammy Latino en 2020 y 2021, en la categor\u00eda de Mejor \u00c1lbum Tropical Tradicional.<\/p>\n\n\n\n<p class=\"wp-block-paragraph\">No faltaron cl\u00e1sicos como \u201cPare cochero\u201d, \u201cPreg\u00fantame c\u00f3mo estoy\u201d, \u201cEl paso de Encarnaci\u00f3n\u201d, \u201cBruca Manigu\u00e1\u201d y \u201cSiboney\u201d, temas que siempre piden sus seguidores durante las presentaciones seg\u00fan p\u00fablicamente ha confesado Lay.<\/p>\n\n\n\n<p class=\"wp-block-paragraph\">De esta forma la Arag\u00f3n, una de las joyas de la m\u00fasica cubana, regres\u00f3 a la ciudad de Nueva York despu\u00e9s de seis a\u00f1os que no se reencontraba con el p\u00fablico local.<\/p>\n\n\n\n<p class=\"wp-block-paragraph\">Luego de varias funciones en Estados Unidos incluidas en su gira \u201cIcono Tour\u201d , la Arag\u00f3n viajar\u00e1 con su m\u00fasica a Rep\u00fablica Dominicana y Colombia, y seguir\u00e1 a Europa y otras latitudes.<\/p>\n\n\n\n<p class=\"wp-block-paragraph\">Con una discograf\u00eda que supera los 100 discos, la banda se ha ganado un merecido lugar en el Sal\u00f3n de la Fama de la M\u00fasica Latina tanto en Nueva York (1999) como en Las Vegas (2012).<\/p>\n\n\n\n<p class=\"wp-block-paragraph\">En 2005, la Organizaci\u00f3n de Naciones Unidas para la Educaci\u00f3n, la Ciencia y la Cultura (Unesco) la declar\u00f3 Patrimonio de la Humanidad, y le otorg\u00f3 la Medalla Pablo Picasso.<\/p>\n\n\n\n<p class=\"has-text-align-right wp-block-paragraph\"><em>PL<\/em><\/p>\n","protected":false},"excerpt":{"rendered":"<p>NUEVA YORK, EEUU.- La Orquesta Arag\u00f3n, de Cuba, que desde 1939 hasta hoy ha puesto a bailar a millones de seguidores, efectu\u00f3 un concierto a teatro repleto en el Centro Lehman de Artes Esc\u00e9nicas, en el Bronx de NuevaYork. El p\u00fablico disfrut\u00f3 la v\u00edspera de la m\u00fasica tradicional cubana al ritmo de una de las [&hellip;]<\/p>\n","protected":false},"author":1,"featured_media":386117,"comment_status":"open","ping_status":"open","sticky":false,"template":"","format":"standard","meta":{"_bbp_topic_count":0,"_bbp_reply_count":0,"_bbp_total_topic_count":0,"_bbp_total_reply_count":0,"_bbp_voice_count":0,"_bbp_anonymous_reply_count":0,"_bbp_topic_count_hidden":0,"_bbp_reply_count_hidden":0,"_bbp_forum_subforum_count":0,"footnotes":""},"categories":[39],"tags":[],"class_list":["post-386116","post","type-post","status-publish","format-standard","has-post-thumbnail","category-entretenimiento"],"_links":{"self":[{"href":"https:\/\/primermomento.com\/index.php?rest_route=\/wp\/v2\/posts\/386116","targetHints":{"allow":["GET"]}}],"collection":[{"href":"https:\/\/primermomento.com\/index.php?rest_route=\/wp\/v2\/posts"}],"about":[{"href":"https:\/\/primermomento.com\/index.php?rest_route=\/wp\/v2\/types\/post"}],"author":[{"embeddable":true,"href":"https:\/\/primermomento.com\/index.php?rest_route=\/wp\/v2\/users\/1"}],"replies":[{"embeddable":true,"href":"https:\/\/primermomento.com\/index.php?rest_route=%2Fwp%2Fv2%2Fcomments&post=386116"}],"version-history":[{"count":1,"href":"https:\/\/primermomento.com\/index.php?rest_route=\/wp\/v2\/posts\/386116\/revisions"}],"predecessor-version":[{"id":386118,"href":"https:\/\/primermomento.com\/index.php?rest_route=\/wp\/v2\/posts\/386116\/revisions\/386118"}],"wp:featuredmedia":[{"embeddable":true,"href":"https:\/\/primermomento.com\/index.php?rest_route=\/wp\/v2\/media\/386117"}],"wp:attachment":[{"href":"https:\/\/primermomento.com\/index.php?rest_route=%2Fwp%2Fv2%2Fmedia&parent=386116"}],"wp:term":[{"taxonomy":"category","embeddable":true,"href":"https:\/\/primermomento.com\/index.php?rest_route=%2Fwp%2Fv2%2Fcategories&post=386116"},{"taxonomy":"post_tag","embeddable":true,"href":"https:\/\/primermomento.com\/index.php?rest_route=%2Fwp%2Fv2%2Ftags&post=386116"}],"curies":[{"name":"wp","href":"https:\/\/api.w.org\/{rel}","templated":true}]}}