{"id":386206,"date":"2023-05-02T20:37:23","date_gmt":"2023-05-03T00:37:23","guid":{"rendered":"https:\/\/primermomento.com\/?p=386206"},"modified":"2023-05-03T19:42:36","modified_gmt":"2023-05-03T23:42:36","slug":"presidente-dominicano-acudira-a-la-ceremonia-de-coronacion-de-carlos-iii-en-londres","status":"publish","type":"post","link":"https:\/\/primermomento.com\/?p=386206","title":{"rendered":"Presidente dominicano acudir\u00e1 a la ceremonia de coronaci\u00f3n de Carlos III en Londres"},"content":{"rendered":"\n<p>SANTO DOMINGO, Rep\u00fablica Dominicana.- El presidente dominicano, Luis Abinader, acudir\u00e1 a la ceremonia de coronaci\u00f3n de Carlos III en Londres el s\u00e1bado pr\u00f3ximo, inform\u00f3 este martes su oficina.<\/p>\n\n\n\n<p>Abinader saldr\u00e1 del pa\u00eds ma\u00f1ana mi\u00e9rcoles acompa\u00f1ado de la primera dama, Raquel Arbaje, quienes llegar\u00e1n a la capital inglesa el jueves.<\/p>\n\n\n\n<p>\u00abComo presidente de Rep\u00fablica Dominicana, con mi esposa @raquelarbaje, asistiremos al hist\u00f3rico acto de coronaci\u00f3n de Sus Majestades Rey Carlos III y Reina Camila, el 6 de mayo en Londres. Agradecemos a Sus Majestades por esta invitaci\u00f3n que fortalece nuestra relaci\u00f3n\u00bb, escribi\u00f3 el propio gobernante en su cuenta de Twitter.<\/p>\n\n\n\n<p>Abinader dar\u00e1 comienzo a su agenda oficial el viernes con un desayuno que ofrecer\u00e1 la familia real brit\u00e1nica a los representantes de los Estados insulares y, en la tarde de ese d\u00eda, asistir\u00e1 a una recepci\u00f3n de Carlos III y la reina consorte Camila en el Palacio de Buckingham.<\/p>\n\n\n\n<p>El s\u00e1bado Abinader y Arbaje participar\u00e1n en los actos de coronaci\u00f3n en la Abad\u00eda de Westminster y luego acudir\u00e1n a un almuerzo organizado por el Ministerio brit\u00e1nico de Exteriores.<\/p>\n\n\n\n<p>Abinader y la primera dama regresar\u00e1n a Rep\u00fablica Dominicana la noche del domingo pr\u00f3ximo.<\/p>\n\n\n\n<p>Las relaciones bilaterales y comerciales entre Reino Unido y Rep\u00fablica Dominicana datan de agosto de 1848 y, en 1950, ambas naciones suscribieron el primer Acuerdo Sobre Amistad, Comercio y Navegaci\u00f3n.<\/p>\n\n\n\n<p>En la actualidad, Reino Unido es el principal mercado de banano convencional para Rep\u00fablica Dominicana.<\/p>\n\n\n\n<p class=\"has-text-align-right\">EFE<\/p>\n","protected":false},"excerpt":{"rendered":"<p>SANTO DOMINGO, Rep\u00fablica Dominicana.- El presidente dominicano, Luis Abinader, acudir\u00e1 a la ceremonia de coronaci\u00f3n de Carlos III en Londres el s\u00e1bado pr\u00f3ximo, inform\u00f3 este martes su oficina. Abinader saldr\u00e1 del pa\u00eds ma\u00f1ana mi\u00e9rcoles acompa\u00f1ado de la primera dama, Raquel Arbaje, quienes llegar\u00e1n a la capital inglesa el jueves. \u00abComo presidente de Rep\u00fablica Dominicana, con [&hellip;]<\/p>\n","protected":false},"author":1,"featured_media":386207,"comment_status":"open","ping_status":"open","sticky":false,"template":"","format":"standard","meta":{"_bbp_topic_count":0,"_bbp_reply_count":0,"_bbp_total_topic_count":0,"_bbp_total_reply_count":0,"_bbp_voice_count":0,"_bbp_anonymous_reply_count":0,"_bbp_topic_count_hidden":0,"_bbp_reply_count_hidden":0,"_bbp_forum_subforum_count":0,"footnotes":""},"categories":[61],"tags":[],"class_list":{"0":"post-386206","1":"post","2":"type-post","3":"status-publish","4":"format-standard","5":"has-post-thumbnail","7":"category-mundo"},"_links":{"self":[{"href":"https:\/\/primermomento.com\/index.php?rest_route=\/wp\/v2\/posts\/386206","targetHints":{"allow":["GET"]}}],"collection":[{"href":"https:\/\/primermomento.com\/index.php?rest_route=\/wp\/v2\/posts"}],"about":[{"href":"https:\/\/primermomento.com\/index.php?rest_route=\/wp\/v2\/types\/post"}],"author":[{"embeddable":true,"href":"https:\/\/primermomento.com\/index.php?rest_route=\/wp\/v2\/users\/1"}],"replies":[{"embeddable":true,"href":"https:\/\/primermomento.com\/index.php?rest_route=%2Fwp%2Fv2%2Fcomments&post=386206"}],"version-history":[{"count":1,"href":"https:\/\/primermomento.com\/index.php?rest_route=\/wp\/v2\/posts\/386206\/revisions"}],"predecessor-version":[{"id":386208,"href":"https:\/\/primermomento.com\/index.php?rest_route=\/wp\/v2\/posts\/386206\/revisions\/386208"}],"wp:featuredmedia":[{"embeddable":true,"href":"https:\/\/primermomento.com\/index.php?rest_route=\/wp\/v2\/media\/386207"}],"wp:attachment":[{"href":"https:\/\/primermomento.com\/index.php?rest_route=%2Fwp%2Fv2%2Fmedia&parent=386206"}],"wp:term":[{"taxonomy":"category","embeddable":true,"href":"https:\/\/primermomento.com\/index.php?rest_route=%2Fwp%2Fv2%2Fcategories&post=386206"},{"taxonomy":"post_tag","embeddable":true,"href":"https:\/\/primermomento.com\/index.php?rest_route=%2Fwp%2Fv2%2Ftags&post=386206"}],"curies":[{"name":"wp","href":"https:\/\/api.w.org\/{rel}","templated":true}]}}