{"id":386322,"date":"2023-05-04T07:12:00","date_gmt":"2023-05-04T11:12:00","guid":{"rendered":"https:\/\/primermomento.com\/?p=386322"},"modified":"2023-05-04T07:43:45","modified_gmt":"2023-05-04T11:43:45","slug":"adocine-hace-justicia-a-rafaela-en-ix-premio-la-silla-2023","status":"publish","type":"post","link":"https:\/\/primermomento.com\/?p=386322","title":{"rendered":"ADOCINE hace justicia a Rafaela en IX Premio la Silla 2023"},"content":{"rendered":"\n<ul class=\"wp-block-list\">\n<li><strong>Hans Garc\u00eda, presidente ADOCINE, establece los beneficios en puestos de trabajo, ingresos al pa\u00eds y pago de impuestos de la Ley Nacional de Cine, ante campa\u00f1a negativa.<\/strong><\/li>\n<\/ul>\n\n\n\n<p class=\"wp-block-paragraph\">SANTO DOMINGO, Rep\u00fablica Dominicana.- La Asociaci\u00f3n Dominicana de profesionales del Cine hizo justicia, al fin, a Rafaela (Tito Rodr\u00edguez\/Judith Rodr\u00edguez), un drama urbano marginal, al consagrarlo como el gran ganador del IX Premio La Silla, celebrado la noche de este mi\u00e9rcoles 3 de mayo en la Cinemateca Dominicana, de Plaza de la Cultura.<\/p>\n\n\n\n<p class=\"wp-block-paragraph\">Los 300 integrantes de ADOCINE votaron por la p\u00e1gina web de la instituci\u00f3n para definir los ganadores de las 23 categor\u00edas. La directiva, adem\u00e1s hizo unos reconocimientos al m\u00e9rito a personalidades y t\u00e9cnicos de la industria.<\/p>\n\n\n\n<p class=\"wp-block-paragraph\">En el acto, el presidente de ADOCINE, resumi\u00f3 en su discurso de orden, los resultados financieros, fiscales y de creaci\u00f3n de empleos generados por la industria audiovisual dominicana, indicando que se trata de una de las \u00e1reas productivas m\u00e1s supervisadas del pa\u00eds y lament\u00f3 la campa\u00f1a de informaciones negativas en torno a la misma.<\/p>\n\n\n\n<p class=\"wp-block-paragraph\">Hans Garc\u00eda no identific\u00f3 a quienes considera \u201cvoces agoreras\u201d, pero hubo en la ceremonia, varios indicativos que identificaron a los supuestos responsables de esas versiones<\/p>\n\n\n\n<p class=\"wp-block-paragraph\">Garc\u00eda sostuvo:&nbsp; \u201cEn doce a\u00f1os de operaci\u00f3n, la Ley Nacional de Cine ha enfrentado voces nada o mal informadas, ha visto lanzar cantos de sirena de quienes usan los medios de comunicaci\u00f3n o sus propias plataformas desde la perspectiva de la inmediatez para demeritar los resultados de la Ley\u201d.<\/p>\n\n\n\n<p class=\"wp-block-paragraph\">Agreg\u00f3 que esta ley regulatoria ha favorecido la creaci\u00f3n de 15 puestos de trabajo directos o indirectos hasta 2021, rengl\u00f3n que ha aumentado a 25 mil puestos en 2022.<\/p>\n\n\n\n<p class=\"wp-block-paragraph\">El presidente de la ADOCINE dijo que, en 2019, 10 mil 500 millones de pesos ingresaron al pa\u00eds por rodajes nacionales e internacionales y que ese rengl\u00f3n aumento a 30.900 millones en 2021 y 2022.<\/p>\n\n\n\n<p class=\"wp-block-paragraph\">Agrega que actualmente se est\u00e1n rodando entre 80 y 100 pel\u00edculas nacionales e internacionales, en una actividad que beneficia la imagen del pa\u00eds frente su proyecci\u00f3n internacional, la hoteler\u00eda y alimentaci\u00f3n, los servicios suplidores en general y la industria de la construcci\u00f3n.<\/p>\n\n\n\n<p class=\"wp-block-paragraph\">Patz Guerrero, directora de comunicaciones del evento, manifest\u00f3 que el Premio La Silla, fue la gran cita de la industria y el encuentro presencial m\u00e1s importante de quienes se dedican al audiovisual.<\/p>\n\n\n\n<p class=\"wp-block-paragraph\">Los patrocinadores del ceremonial fueron: Banreservas, Viva (comunicaci\u00f3n telef\u00f3nica), EGEDA DOMINICANA Dominicana, Alcald\u00eda del Distrito Nacional, Digital 15 y la Direcci\u00f3n General de Cine. El tema del ceremonial fue&nbsp;<strong>\u201dUn cine que viaja\u201d.<\/strong><\/p>\n\n\n\n<p class=\"wp-block-paragraph\">Fue realizada una Alfombra Roja, que comenz\u00f3 a las 7 de la noche, tuvo una transmisi\u00f3n en vivo por Digital 15 hasta las 8:20 PM, con la conducci\u00f3n de Danilo Reynoso, Milly De Moya, Mois\u00e9s Salc\u00e9 y Violeta Ram\u00edrez, talentos del Grupo Telemicro.<\/p>\n\n\n\n<p class=\"wp-block-paragraph\"><strong>GANADORES PREMIOS LA SILLA 2023<\/strong><\/p>\n\n\n\n<p class=\"wp-block-paragraph\"><strong>Mejor Pel\u00edcula<\/strong><\/p>\n\n\n\n<p class=\"wp-block-paragraph\">RAFAELA<\/p>\n\n\n\n<p class=\"wp-block-paragraph\">Danilo Reynoso, Archie L\u00f3pez, Judith Rodriguez, Hony Estrella<\/p>\n\n\n\n<p class=\"wp-block-paragraph\"><strong>Mejor Director<\/strong><\/p>\n\n\n\n<p class=\"wp-block-paragraph\">Tito Rodr\u00edguez<\/p>\n\n\n\n<p class=\"wp-block-paragraph\">RAFAELA<\/p>\n\n\n\n<p class=\"wp-block-paragraph\"><strong>Mejor Productor<\/strong><\/p>\n\n\n\n<p class=\"wp-block-paragraph\">Danilo Reynoso<\/p>\n\n\n\n<p class=\"wp-block-paragraph\">RAFAELA<\/p>\n\n\n\n<p class=\"wp-block-paragraph\"><strong>Mejor Guion<\/strong><\/p>\n\n\n\n<p class=\"wp-block-paragraph\">CARAJITA<\/p>\n\n\n\n<p class=\"wp-block-paragraph\">Ulla Prida\/ Silvina Schnicer\/ Ulises Porra<\/p>\n\n\n\n<p class=\"wp-block-paragraph\"><strong>Mejor Edici\u00f3n<\/strong><\/p>\n\n\n\n<p class=\"wp-block-paragraph\">EL APP<\/p>\n\n\n\n<p class=\"wp-block-paragraph\">Taba Blanchard<\/p>\n\n\n\n<p class=\"wp-block-paragraph\"><strong>Mejor Actriz Principal<\/strong><\/p>\n\n\n\n<p class=\"wp-block-paragraph\">Judith Rodr\u00edguez<\/p>\n\n\n\n<p class=\"wp-block-paragraph\">RAFAELA<\/p>\n\n\n\n<p class=\"wp-block-paragraph\"><strong>Mejor Actor Principal<\/strong><\/p>\n\n\n\n<p class=\"wp-block-paragraph\">Manuel Raposo<\/p>\n\n\n\n<p class=\"wp-block-paragraph\">RAFAELA<\/p>\n\n\n\n<p class=\"wp-block-paragraph\"><strong>Mejor Actor Secundario<\/strong><\/p>\n\n\n\n<p class=\"wp-block-paragraph\">RAFAELA<\/p>\n\n\n\n<p class=\"wp-block-paragraph\">Gerardo Mercedes<\/p>\n\n\n\n<p class=\"wp-block-paragraph\"><strong>Mejor Director Cinematograf\u00eda<\/strong><\/p>\n\n\n\n<p class=\"wp-block-paragraph\">RAFAELA<\/p>\n\n\n\n<p class=\"wp-block-paragraph\">Oliver Mota<\/p>\n\n\n\n<p class=\"wp-block-paragraph\"><strong>Mejor Actriz Secundaria<\/strong><\/p>\n\n\n\n<p class=\"wp-block-paragraph\">LA OTRA LUCHA<\/p>\n\n\n\n<p class=\"wp-block-paragraph\">Ruth Emeterio<\/p>\n\n\n\n<p class=\"wp-block-paragraph\"><strong>Mejor Comedia<\/strong><\/p>\n\n\n\n<p class=\"wp-block-paragraph\">Archie L\u00f3pez<\/p>\n\n\n\n<p class=\"wp-block-paragraph\">EL BRUJO<\/p>\n\n\n\n<p class=\"wp-block-paragraph\"><strong>Mejor Cortometraje<\/strong><\/p>\n\n\n\n<p class=\"wp-block-paragraph\">BAJO LAS OLAS<\/p>\n\n\n\n<p class=\"wp-block-paragraph\">Jensson Cruz<\/p>\n\n\n\n<p class=\"wp-block-paragraph\"><strong>Mejor Maquillaje<\/strong><\/p>\n\n\n\n<p class=\"wp-block-paragraph\">PEREJIL<\/p>\n\n\n\n<p class=\"wp-block-paragraph\">Aleja Flores<\/p>\n\n\n\n<p class=\"wp-block-paragraph\"><strong>Mejor Vestuario<\/strong><\/p>\n\n\n\n<p class=\"wp-block-paragraph\">Gina Terc<\/p>\n\n\n\n<p class=\"wp-block-paragraph\">LA OTRA LUCHA<\/p>\n\n\n\n<p class=\"wp-block-paragraph\"><strong>Mejor Direcci\u00f3n de Casting<\/strong><\/p>\n\n\n\n<p class=\"wp-block-paragraph\">LA OTRA LUCHA<\/p>\n\n\n\n<p class=\"wp-block-paragraph\">Mario N\u00fa\u00f1ez<\/p>\n\n\n\n<p class=\"wp-block-paragraph\"><strong>Mejor Documental<\/strong><\/p>\n\n\n\n<p class=\"wp-block-paragraph\">ISLA DE DOS REP\u00daBLICAS<\/p>\n\n\n\n<p class=\"wp-block-paragraph\">H\u00e9ctor Ulises Montas<\/p>\n\n\n\n<p class=\"wp-block-paragraph\"><strong>Mejor Dise\u00f1o de Producci\u00f3n<\/strong><\/p>\n\n\n\n<p class=\"wp-block-paragraph\">El Pa\u00eds de Las \u00daltimas Cosas<\/p>\n\n\n\n<p class=\"wp-block-paragraph\">Wilhem P\u00e9rez<\/p>\n\n\n\n<p class=\"wp-block-paragraph\"><strong>Mejor Direcci\u00f3n de Arte<\/strong><\/p>\n\n\n\n<p class=\"wp-block-paragraph\">El Pa\u00eds de Las \u00daltimas Cosas<\/p>\n\n\n\n<p class=\"wp-block-paragraph\">Wilhem Perez<\/p>\n\n\n\n<p class=\"wp-block-paragraph\"><strong>Mejores Efectos Especiales<\/strong><\/p>\n\n\n\n<p class=\"wp-block-paragraph\">PEREJIL<\/p>\n\n\n\n<p class=\"wp-block-paragraph\">Jaime Castillo<\/p>\n\n\n\n<p class=\"wp-block-paragraph\"><strong>Mejores Efectos Visuales<\/strong><\/p>\n\n\n\n<p class=\"wp-block-paragraph\">El Pa\u00eds de Las \u00daltimas Cosas<\/p>\n\n\n\n<p class=\"wp-block-paragraph\">Ricky Gluski (Lone Coconut)<\/p>\n\n\n\n<p class=\"wp-block-paragraph\"><strong>Merito a la trayectoria cinematografica<\/strong><\/p>\n\n\n\n<p class=\"wp-block-paragraph\">Operador Dolly Pr\u00f3spero Ramirez Valdez<\/p>\n\n\n\n<p class=\"wp-block-paragraph\">Direcci\u00f3n t\u00e9cnica: Daniela L\u00f3pez (Recibe Franklin Hernandez)<\/p>\n\n\n\n<p class=\"wp-block-paragraph\">Productor de linea: Fernando Medina<\/p>\n\n\n\n<p class=\"wp-block-paragraph\">Productora y directora: Elsa Turul de Alma (Producciones Larimar<\/p>\n\n\n\n<p class=\"wp-block-paragraph\"><strong>Mejor Dise\u00f1o de Sonido<\/strong><\/p>\n\n\n\n<p class=\"wp-block-paragraph\">PEREJIL<\/p>\n\n\n\n<p class=\"wp-block-paragraph\">Franklin Hern\u00e1ndez<\/p>\n\n\n\n<p class=\"wp-block-paragraph\"><strong>Mejor Musicalizaci\u00f3n<\/strong><\/p>\n\n\n\n<p class=\"wp-block-paragraph\">PEREJIL<\/p>\n\n\n\n<p class=\"wp-block-paragraph\">Jorge Magaz<\/p>\n\n\n\n<p class=\"wp-block-paragraph\"><strong>Mejor Tema Principal<\/strong><\/p>\n\n\n\n<p class=\"wp-block-paragraph\">\u201cTiro de Gracia\u201d\/ Letra: William Liriano\/ Int\u00e9rprete: Pablo Garc\u00eda<\/p>\n\n\n\n<p class=\"wp-block-paragraph\">LA OTRA LUCHA<\/p>\n\n\n\n<p class=\"wp-block-paragraph\"><strong>Mejor Dise\u00f1o de Afiche o Cartel<\/strong><\/p>\n\n\n\n<p class=\"wp-block-paragraph\">RAFAELA<\/p>\n\n\n\n<p class=\"wp-block-paragraph\">Angurria<\/p>\n\n\n\n<p class=\"has-text-align-right wp-block-paragraph\"><em>Jos\u00e9 Rafael Sosa<\/em><\/p>\n","protected":false},"excerpt":{"rendered":"<p>SANTO DOMINGO, Rep\u00fablica Dominicana.- La Asociaci\u00f3n Dominicana de profesionales del Cine hizo justicia, al fin, a Rafaela (Tito Rodr\u00edguez\/Judith Rodr\u00edguez), un drama urbano marginal, al consagrarlo como el gran ganador del IX Premio La Silla, celebrado la noche de este mi\u00e9rcoles 3 de mayo en la Cinemateca Dominicana, de Plaza de la Cultura. Los 300 [&hellip;]<\/p>\n","protected":false},"author":1,"featured_media":386323,"comment_status":"open","ping_status":"open","sticky":false,"template":"","format":"standard","meta":{"_bbp_topic_count":0,"_bbp_reply_count":0,"_bbp_total_topic_count":0,"_bbp_total_reply_count":0,"_bbp_voice_count":0,"_bbp_anonymous_reply_count":0,"_bbp_topic_count_hidden":0,"_bbp_reply_count_hidden":0,"_bbp_forum_subforum_count":0,"footnotes":""},"categories":[39],"tags":[],"class_list":["post-386322","post","type-post","status-publish","format-standard","has-post-thumbnail","category-entretenimiento"],"_links":{"self":[{"href":"https:\/\/primermomento.com\/index.php?rest_route=\/wp\/v2\/posts\/386322","targetHints":{"allow":["GET"]}}],"collection":[{"href":"https:\/\/primermomento.com\/index.php?rest_route=\/wp\/v2\/posts"}],"about":[{"href":"https:\/\/primermomento.com\/index.php?rest_route=\/wp\/v2\/types\/post"}],"author":[{"embeddable":true,"href":"https:\/\/primermomento.com\/index.php?rest_route=\/wp\/v2\/users\/1"}],"replies":[{"embeddable":true,"href":"https:\/\/primermomento.com\/index.php?rest_route=%2Fwp%2Fv2%2Fcomments&post=386322"}],"version-history":[{"count":1,"href":"https:\/\/primermomento.com\/index.php?rest_route=\/wp\/v2\/posts\/386322\/revisions"}],"predecessor-version":[{"id":386324,"href":"https:\/\/primermomento.com\/index.php?rest_route=\/wp\/v2\/posts\/386322\/revisions\/386324"}],"wp:featuredmedia":[{"embeddable":true,"href":"https:\/\/primermomento.com\/index.php?rest_route=\/wp\/v2\/media\/386323"}],"wp:attachment":[{"href":"https:\/\/primermomento.com\/index.php?rest_route=%2Fwp%2Fv2%2Fmedia&parent=386322"}],"wp:term":[{"taxonomy":"category","embeddable":true,"href":"https:\/\/primermomento.com\/index.php?rest_route=%2Fwp%2Fv2%2Fcategories&post=386322"},{"taxonomy":"post_tag","embeddable":true,"href":"https:\/\/primermomento.com\/index.php?rest_route=%2Fwp%2Fv2%2Ftags&post=386322"}],"curies":[{"name":"wp","href":"https:\/\/api.w.org\/{rel}","templated":true}]}}