{"id":386356,"date":"2023-05-04T11:57:36","date_gmt":"2023-05-04T15:57:36","guid":{"rendered":"https:\/\/primermomento.com\/?p=386356"},"modified":"2023-05-04T11:57:36","modified_gmt":"2023-05-04T15:57:36","slug":"presidente-abinader-llega-a-londres-para-participar-en-actos-de-coronacion-del-rey-carlos-iii","status":"publish","type":"post","link":"https:\/\/primermomento.com\/?p=386356","title":{"rendered":"Presidente Abinader llega a Londres para participar en actos de coronaci\u00f3n del rey Carlos III"},"content":{"rendered":"\n<p>LONDRES, Inglaterra.- El presidente Luis Abinader lleg\u00f3 a Londres, Inglaterra, alrededor de las 9 de la ma\u00f1ana de este jueves para participar en los actos donde ser\u00e1n coronados el rey Carlos III y la reina consorte Camila.<\/p>\n\n\n\n<p>El mandatario viaj\u00f3 en compa\u00f1\u00eda de la primera dama, Raquel Arbaje, y arribaron en un vuelo comercial desde la ciudad Miami, Estados Unidos.<\/p>\n\n\n\n<p>A su llegada fueron recibidos por la se\u00f1ora Manju Malhi, representante de su majestad el Rey, y por el se\u00f1or Richard Austin, del ministerio de Relaciones Exteriores del Reino Unido. Tambi\u00e9n estuvo el embajador dominicano en Londres, Elnio Dur\u00e1n.<\/p>\n\n\n\n<p>La agenda oficial del presidente Abinader inicia el viernes con un desayuno en Lancaster House, que ofrece la Familia Real a los representantes de los Estados Insulares.<\/p>\n\n\n\n<p>A las 5:00 de la tarde ser\u00e1 la recepci\u00f3n que se ofrece a las delegaciones internacionales, en el Palacio de Buckingham, encabezada por su majestad, el rey Carlos III, y su majestad, la reina consorte. El mandatario dominicano estar\u00e1 acompa\u00f1ado por la primera dama.<\/p>\n\n\n\n<p>El s\u00e1bado 6, d\u00eda de la coronaci\u00f3n, el presidente Abinader y la primera dama se trasladar\u00e1n al recinto Church House y luego pasar\u00e1n a Westminster Abbey, donde tendr\u00e1 lugar la ceremonia.<\/p>\n\n\n\n<p>Al t\u00e9rmino de la misma, los invitados asistir\u00e1n a un almuerzo presidido por el secretario de Relaciones Exteriores del Reino Unido y otros altos funcionarios.<\/p>\n\n\n\n<p>El presidente Abinader y la primera dama regresan al pa\u00eds el domingo 7, en horas de la noche.<\/p>\n\n\n\n<p>Adem\u00e1s de la primera dama, acompa\u00f1an al presidente Abinader el director del CUSEP y jefe de la escolta, general ERD, Jimmy Arias Grull\u00f3n; su asistente y jefa del Despacho Presidencial, Lourdes Herrera; Eilyn Beltr\u00e1n, jefe de Gabinete de la Presidencia, y el jefe de Prensa del presidente, periodista Daniel Garc\u00eda Archibald.<\/p>\n","protected":false},"excerpt":{"rendered":"<p>LONDRES, Inglaterra.- El presidente Luis Abinader lleg\u00f3 a Londres, Inglaterra, alrededor de las 9 de la ma\u00f1ana de este jueves para participar en los actos donde ser\u00e1n coronados el rey Carlos III y la reina consorte Camila. El mandatario viaj\u00f3 en compa\u00f1\u00eda de la primera dama, Raquel Arbaje, y arribaron en un vuelo comercial desde [&hellip;]<\/p>\n","protected":false},"author":1,"featured_media":386357,"comment_status":"open","ping_status":"open","sticky":false,"template":"","format":"standard","meta":{"_bbp_topic_count":0,"_bbp_reply_count":0,"_bbp_total_topic_count":0,"_bbp_total_reply_count":0,"_bbp_voice_count":0,"_bbp_anonymous_reply_count":0,"_bbp_topic_count_hidden":0,"_bbp_reply_count_hidden":0,"_bbp_forum_subforum_count":0,"footnotes":""},"categories":[61],"tags":[],"class_list":{"0":"post-386356","1":"post","2":"type-post","3":"status-publish","4":"format-standard","5":"has-post-thumbnail","7":"category-mundo"},"_links":{"self":[{"href":"https:\/\/primermomento.com\/index.php?rest_route=\/wp\/v2\/posts\/386356","targetHints":{"allow":["GET"]}}],"collection":[{"href":"https:\/\/primermomento.com\/index.php?rest_route=\/wp\/v2\/posts"}],"about":[{"href":"https:\/\/primermomento.com\/index.php?rest_route=\/wp\/v2\/types\/post"}],"author":[{"embeddable":true,"href":"https:\/\/primermomento.com\/index.php?rest_route=\/wp\/v2\/users\/1"}],"replies":[{"embeddable":true,"href":"https:\/\/primermomento.com\/index.php?rest_route=%2Fwp%2Fv2%2Fcomments&post=386356"}],"version-history":[{"count":1,"href":"https:\/\/primermomento.com\/index.php?rest_route=\/wp\/v2\/posts\/386356\/revisions"}],"predecessor-version":[{"id":386358,"href":"https:\/\/primermomento.com\/index.php?rest_route=\/wp\/v2\/posts\/386356\/revisions\/386358"}],"wp:featuredmedia":[{"embeddable":true,"href":"https:\/\/primermomento.com\/index.php?rest_route=\/wp\/v2\/media\/386357"}],"wp:attachment":[{"href":"https:\/\/primermomento.com\/index.php?rest_route=%2Fwp%2Fv2%2Fmedia&parent=386356"}],"wp:term":[{"taxonomy":"category","embeddable":true,"href":"https:\/\/primermomento.com\/index.php?rest_route=%2Fwp%2Fv2%2Fcategories&post=386356"},{"taxonomy":"post_tag","embeddable":true,"href":"https:\/\/primermomento.com\/index.php?rest_route=%2Fwp%2Fv2%2Ftags&post=386356"}],"curies":[{"name":"wp","href":"https:\/\/api.w.org\/{rel}","templated":true}]}}