{"id":386415,"date":"2023-05-04T18:59:53","date_gmt":"2023-05-04T22:59:53","guid":{"rendered":"https:\/\/primermomento.com\/?p=386415"},"modified":"2023-05-05T06:39:55","modified_gmt":"2023-05-05T10:39:55","slug":"culpables-de-conspiracion-sediciosa-atacantes-al-capitolio-de-eeuu","status":"publish","type":"post","link":"https:\/\/primermomento.com\/?p=386415","title":{"rendered":"Culpables de conspiraci\u00f3n sediciosa atacantes al Capitolio de EEUU"},"content":{"rendered":"\n<p>WASHINGTON, EEUU.- El expresidente del grupo de extrema derecha Proud Boys, Enrique Tarrio, y tres subordinados fueron condenados hoy por delitos graves, incluido el de conspiraci\u00f3n sediciosa, por su papel en el ataque al Capitolio de Estados Unidos.<\/p>\n\n\n\n<p>Un jurado federal en Washington, D.C. encontr\u00f3 a Tarrio, Ethan Nordean, Zachary Rehl y Joseph Biggs culpables de conspirar para evitar la transferencia del poder de Donald Trump (2017-2021) a Joe Biden, y de usar la fuerza y la planificaci\u00f3n previa para impedir la certificaci\u00f3n de las elecciones presidenciales de 2020, report\u00f3 CBS News.<\/p>\n\n\n\n<p>En el caso del imputado Dominic Pezzola, no hubo veredicto por el cargo m\u00e1s grave: conspiraci\u00f3n sediciosa y conspiraci\u00f3n para obstruir un procedimiento oficial, pero fue s\u00ed fue responsabilizado por agredir a los oficiales que el 6 de enero de 2021 intentaban poner orden a la turba que asalt\u00f3 la sede del Congreso estadounidense.<\/p>\n\n\n\n<figure class=\"wp-block-image size-full\"><img loading=\"lazy\" decoding=\"async\" width=\"1024\" height=\"682\" src=\"https:\/\/primermomento.com\/wp-content\/uploads\/2023\/05\/Asalto-Capitolio-Culpables-2.jpg\" alt=\"\" class=\"wp-image-386419\" srcset=\"https:\/\/primermomento.com\/wp-content\/uploads\/2023\/05\/Asalto-Capitolio-Culpables-2.jpg 1024w, https:\/\/primermomento.com\/wp-content\/uploads\/2023\/05\/Asalto-Capitolio-Culpables-2-300x200.jpg 300w, https:\/\/primermomento.com\/wp-content\/uploads\/2023\/05\/Asalto-Capitolio-Culpables-2-768x512.jpg 768w, https:\/\/primermomento.com\/wp-content\/uploads\/2023\/05\/Asalto-Capitolio-Culpables-2-696x464.jpg 696w\" sizes=\"auto, (max-width: 1024px) 100vw, 1024px\" \/><\/figure>\n\n\n\n<p>Los cinco fueron declarados culpables de varios otros delitos graves, incluida la obstrucci\u00f3n de un procedimiento oficial; interrupci\u00f3n al Congreso; conspiraci\u00f3n para impedir que un oficial desempe\u00f1e sus funciones; obstaculizaci\u00f3n de la aplicaci\u00f3n de la ley durante los disturbios civiles; e instigaci\u00f3n y destrucci\u00f3n de propiedad gubernamental.<\/p>\n\n\n\n<p>Tarrio, quien fue arrestado el 4 de enero de 2021 y no particip\u00f3 en el ataque al Capitolio, fue declarado inocente de agredir a los oficiales.<\/p>\n\n\n\n<p>Acorde con la fuente noticiosa, es probable que ahora todos se enfrenten a una sentencia m\u00e1xima de 20 a\u00f1os de prisi\u00f3n.<\/p>\n\n\n\n<p>Los fiscales hab\u00edan argumentado que los acusados conspiraron para usar la fuerza ilegalmente, y que se reunieron en Washington, D.C., para mantener al expresidente Donald Trump en el cargo.<\/p>\n\n\n\n<p>Poco despu\u00e9s de las elecciones, los investigadores alegaron que Tarrio comenz\u00f3 a publicar en las redes sociales y en grupos de mensajes sobre una \u201cguerra civil\u201d, y luego asever\u00f3 que \u201cSin Trump no hay paz. No hay cuartel\u201d.<\/p>\n\n\n\n<p>Los l\u00edderes de Proud Boys se vieron a s\u00ed mismos como \u201cuna fuerza de combate\u201d que estaba \u201clista para cometer violencia\u201d en nombre del exmandatario, alegaron los fiscales durante el proceso judicial.<\/p>\n\n\n\n<p class=\"has-text-align-right\"><em>PL<\/em><\/p>\n","protected":false},"excerpt":{"rendered":"<p>WASHINGTON, EEUU.- El expresidente del grupo de extrema derecha Proud Boys, Enrique Tarrio, y tres subordinados fueron condenados hoy por delitos graves, incluido el de conspiraci\u00f3n sediciosa, por su papel en el ataque al Capitolio de Estados Unidos. Un jurado federal en Washington, D.C. encontr\u00f3 a Tarrio, Ethan Nordean, Zachary Rehl y Joseph Biggs culpables [&hellip;]<\/p>\n","protected":false},"author":1,"featured_media":386416,"comment_status":"open","ping_status":"open","sticky":false,"template":"","format":"video","meta":{"_bbp_topic_count":0,"_bbp_reply_count":0,"_bbp_total_topic_count":0,"_bbp_total_reply_count":0,"_bbp_voice_count":0,"_bbp_anonymous_reply_count":0,"_bbp_topic_count_hidden":0,"_bbp_reply_count_hidden":0,"_bbp_forum_subforum_count":0,"footnotes":""},"categories":[61,106],"tags":[],"class_list":{"0":"post-386415","1":"post","2":"type-post","3":"status-publish","4":"format-video","5":"has-post-thumbnail","7":"category-mundo","8":"category-video-news","9":"post_format-post-format-video"},"_links":{"self":[{"href":"https:\/\/primermomento.com\/index.php?rest_route=\/wp\/v2\/posts\/386415","targetHints":{"allow":["GET"]}}],"collection":[{"href":"https:\/\/primermomento.com\/index.php?rest_route=\/wp\/v2\/posts"}],"about":[{"href":"https:\/\/primermomento.com\/index.php?rest_route=\/wp\/v2\/types\/post"}],"author":[{"embeddable":true,"href":"https:\/\/primermomento.com\/index.php?rest_route=\/wp\/v2\/users\/1"}],"replies":[{"embeddable":true,"href":"https:\/\/primermomento.com\/index.php?rest_route=%2Fwp%2Fv2%2Fcomments&post=386415"}],"version-history":[{"count":2,"href":"https:\/\/primermomento.com\/index.php?rest_route=\/wp\/v2\/posts\/386415\/revisions"}],"predecessor-version":[{"id":386420,"href":"https:\/\/primermomento.com\/index.php?rest_route=\/wp\/v2\/posts\/386415\/revisions\/386420"}],"wp:featuredmedia":[{"embeddable":true,"href":"https:\/\/primermomento.com\/index.php?rest_route=\/wp\/v2\/media\/386416"}],"wp:attachment":[{"href":"https:\/\/primermomento.com\/index.php?rest_route=%2Fwp%2Fv2%2Fmedia&parent=386415"}],"wp:term":[{"taxonomy":"category","embeddable":true,"href":"https:\/\/primermomento.com\/index.php?rest_route=%2Fwp%2Fv2%2Fcategories&post=386415"},{"taxonomy":"post_tag","embeddable":true,"href":"https:\/\/primermomento.com\/index.php?rest_route=%2Fwp%2Fv2%2Ftags&post=386415"}],"curies":[{"name":"wp","href":"https:\/\/api.w.org\/{rel}","templated":true}]}}