{"id":386434,"date":"2023-05-04T20:30:00","date_gmt":"2023-05-05T00:30:00","guid":{"rendered":"https:\/\/primermomento.com\/?p=386434"},"modified":"2023-05-05T06:55:05","modified_gmt":"2023-05-05T10:55:05","slug":"incautan-10-millones-de-dolares-en-cocaina-3-dominicanos-arrestados","status":"publish","type":"post","link":"https:\/\/primermomento.com\/?p=386434","title":{"rendered":"Incautan 10 millones de d\u00f3lares en coca\u00edna; 3 dominicanos arrestados"},"content":{"rendered":"\n<p>SAN JUAN, Puerto Rico.- Las autoridades federales informaron hoy la incautaci\u00f3n de 10,2 millones de d\u00f3lares en coca\u00edna y el apresamiento de tres ciudadanos dominicanos tras interceptar una embarcaci\u00f3n en el norte de Puerto Rico.<\/p>\n\n\n\n<p>Indicaron que la tripulaci\u00f3n del guardacostas Joseph Napier y agentes de la Fuerza de Ataque del Corredor del Caribe descargaron 411 kilos de coca\u00edna en el muelle de San Juan, luego de la interdicci\u00f3n de un barco de contrabando.<\/p>\n\n\n\n<p>Los ciudadanos de la Rep\u00fablica Dominicana enfrentar\u00e1n un proceso federal en el Tribunal de Distrito de Estados Unidos en Puerto Rico por conspiraci\u00f3n para poseer con la intenci\u00f3n de distribuir una sustancia controlada a bordo de una embarcaci\u00f3n sujeta a la jurisdicci\u00f3n estadounidense.<\/p>\n\n\n\n<p>La Divisi\u00f3n de Delincuencia Organizada Transnacional de la Oficina del Fiscal Federal para Puerto Rico est\u00e1 a cargo del enjuiciar a los involucrados en este caso, mientras los agentes especiales de apoyo a la Fuerza de Ataque del Corredor del Caribe est\u00e1n a cargo de la pesquisa.<\/p>\n\n\n\n<p>Durante un patrullaje en la noche del s\u00e1bado, la tripulaci\u00f3n de un avi\u00f3n de la Guardia Costera detect\u00f3 una lancha r\u00e1pida sospechosa al norte de Puerto Rico.<\/p>\n\n\n\n<p>Vigilantes de ese organismo en el Sector San Juan desviaron el c\u00fater Joseph Napier que lleg\u00f3 a la escena en misi\u00f3n de persecuci\u00f3n y detuvo la lancha r\u00e1pida azul y blanca de unos 10 metros de eslora, detuvieron a tres hombres y recuperaron 12 pacas de contrabando que dieron positivo por coca\u00edna.<\/p>\n\n\n\n<p class=\"has-text-align-right\"><em>PL<\/em><\/p>\n","protected":false},"excerpt":{"rendered":"<p>SAN JUAN, Puerto Rico.- Las autoridades federales informaron hoy la incautaci\u00f3n de 10,2 millones de d\u00f3lares en coca\u00edna y el apresamiento de tres ciudadanos dominicanos tras interceptar una embarcaci\u00f3n en el norte de Puerto Rico. Indicaron que la tripulaci\u00f3n del guardacostas Joseph Napier y agentes de la Fuerza de Ataque del Corredor del Caribe descargaron [&hellip;]<\/p>\n","protected":false},"author":1,"featured_media":386435,"comment_status":"open","ping_status":"open","sticky":false,"template":"","format":"standard","meta":{"_bbp_topic_count":0,"_bbp_reply_count":0,"_bbp_total_topic_count":0,"_bbp_total_reply_count":0,"_bbp_voice_count":0,"_bbp_anonymous_reply_count":0,"_bbp_topic_count_hidden":0,"_bbp_reply_count_hidden":0,"_bbp_forum_subforum_count":0,"footnotes":""},"categories":[61],"tags":[],"class_list":{"0":"post-386434","1":"post","2":"type-post","3":"status-publish","4":"format-standard","5":"has-post-thumbnail","7":"category-mundo"},"_links":{"self":[{"href":"https:\/\/primermomento.com\/index.php?rest_route=\/wp\/v2\/posts\/386434","targetHints":{"allow":["GET"]}}],"collection":[{"href":"https:\/\/primermomento.com\/index.php?rest_route=\/wp\/v2\/posts"}],"about":[{"href":"https:\/\/primermomento.com\/index.php?rest_route=\/wp\/v2\/types\/post"}],"author":[{"embeddable":true,"href":"https:\/\/primermomento.com\/index.php?rest_route=\/wp\/v2\/users\/1"}],"replies":[{"embeddable":true,"href":"https:\/\/primermomento.com\/index.php?rest_route=%2Fwp%2Fv2%2Fcomments&post=386434"}],"version-history":[{"count":1,"href":"https:\/\/primermomento.com\/index.php?rest_route=\/wp\/v2\/posts\/386434\/revisions"}],"predecessor-version":[{"id":386436,"href":"https:\/\/primermomento.com\/index.php?rest_route=\/wp\/v2\/posts\/386434\/revisions\/386436"}],"wp:featuredmedia":[{"embeddable":true,"href":"https:\/\/primermomento.com\/index.php?rest_route=\/wp\/v2\/media\/386435"}],"wp:attachment":[{"href":"https:\/\/primermomento.com\/index.php?rest_route=%2Fwp%2Fv2%2Fmedia&parent=386434"}],"wp:term":[{"taxonomy":"category","embeddable":true,"href":"https:\/\/primermomento.com\/index.php?rest_route=%2Fwp%2Fv2%2Fcategories&post=386434"},{"taxonomy":"post_tag","embeddable":true,"href":"https:\/\/primermomento.com\/index.php?rest_route=%2Fwp%2Fv2%2Ftags&post=386434"}],"curies":[{"name":"wp","href":"https:\/\/api.w.org\/{rel}","templated":true}]}}