{"id":386462,"date":"2023-05-05T06:00:00","date_gmt":"2023-05-05T10:00:00","guid":{"rendered":"https:\/\/primermomento.com\/?p=386462"},"modified":"2023-05-05T07:33:56","modified_gmt":"2023-05-05T11:33:56","slug":"anuncian-talleres-formativos-para-escritores-editores-y-periodistas","status":"publish","type":"post","link":"https:\/\/primermomento.com\/?p=386462","title":{"rendered":"Anuncian talleres formativos para escritores, editores y periodistas"},"content":{"rendered":"\n<ul class=\"wp-block-list\">\n<li><strong>Los temas centrales ser\u00e1n cine y literatura, el oficio del agente literario, periodismo ambiental y digital.<\/strong><\/li>\n\n\n\n<li><strong>Becas disponibles para taller de periodismo ambiental.<\/strong><\/li>\n<\/ul>\n\n\n\n<p class=\"wp-block-paragraph\">SANTO DOMINGO, Rep\u00fablica Dominicana.- El Festival Centroam\u00e9rica Cuenta alcanza este a\u00f1o su d\u00e9cima edici\u00f3n en la regi\u00f3n y una vez m\u00e1s, apuesta por la formaci\u00f3n del talento centroamericano y del Caribe con un nuevo ciclo de talleres con grandes autores y periodistas.<\/p>\n\n\n\n<p class=\"wp-block-paragraph\">\u201cPara Centroam\u00e9rica Cuenta los talleres formativos forman parte primordial de nuestro festival, es en cierta manera, parte de nuestro legado. Este a\u00f1o, cuatro talleres con temas relevantes y pertinentes forman parte de nuestro programa: el primero de cine y literatura; uno de agencias literarias; un tercero periodismo periodismo digital y un cuarto de periodismo ambiental.\u201d explic\u00f3 Claudia Neira Berm\u00fadez, directora del festival.<\/p>\n\n\n\n<p class=\"wp-block-paragraph\"><strong>Para guionistas, cineastas y editores<\/strong><\/p>\n\n\n\n<p class=\"wp-block-paragraph\">El primer taller denominado \u201cHerramientas del gui\u00f3n en la escritura de novelas y cuentos\u201d, estar\u00e1 a cargo de la escritora Claudia Pi\u00f1eiro (Argentina) y se realizar\u00e1 en alianza con la Direcci\u00f3n General de Cine de Rep\u00fablica Dominicana. Este se realizar\u00e1 bajo modalidad presencial el 16 y 17 de mayo en la Cinemateca Dominicana en Santo Domingo.<\/p>\n\n\n\n<p class=\"wp-block-paragraph\">En el encuentro se abordar\u00e1n temas como la diferencia entre escribir un texto audiovisual y escribir cuentos o novelas, los conceptos b\u00e1sicos del gui\u00f3n y se identificar\u00e1 la utilidad de cada una de las herramientas de escritura al escribir cuentos, novelas y guiones audiovisuales.<\/p>\n\n\n\n<p class=\"wp-block-paragraph\">El segundo taller es el de agencias literarias, organizado en conjunto con el Programa de Internacionalizaci\u00f3n de la Cultura Espa\u00f1ola (PICE) de Acci\u00f3n Cultural Espa\u00f1ola (AC\/E), y ser\u00e1 impartido por la agente literaria Paula Canal de Indent Literary Agency (Nueva York). Este se realizar\u00e1 el viernes 19 y s\u00e1bado 20 en el Centro Indotel.<\/p>\n\n\n\n<p class=\"wp-block-paragraph\">Durante las dos sesiones de tres horas del taller, se explicar\u00e1 el trabajo de las agencias literarias y su papel en el panorama de la industria editorial y su relaci\u00f3n con el resto de actores del sector, as\u00ed como nociones b\u00e1sicas sobre los derechos de autor. Tambi\u00e9n se abordar\u00e1 el tema de c\u00f3mo encontrar agente literario desde Centroam\u00e9rica y el Caribe, y en qu\u00e9 momento y hasta qu\u00e9 punto es necesario para los autores que comienzan.<\/p>\n\n\n\n<p class=\"wp-block-paragraph\"><strong>Para periodistas<\/strong><\/p>\n\n\n\n<p class=\"wp-block-paragraph\">Al igual que en ediciones anteriores, el festival promueve la formaci\u00f3n de los periodistas de la regi\u00f3n. En esta ocasi\u00f3n y en alianza con la BBC Mundo y El Pa\u00eds Am\u00e9rica, realizar\u00e1 los talleres de Periodismo Digital: c\u00f3mo aumentar el impacto de tus historias y Periodismo ambiental: desde la zona cero del cambio clim\u00e1tico, respectivamente.<\/p>\n\n\n\n<p class=\"wp-block-paragraph\">El primero facilitado por Carolina Robino (Chile) y Leire Ventas (Espa\u00f1a) de BBC Mundo, se desarrollar\u00e1 bajo la modalidad presencial el 17 y 18 de mayo en el Centro Indotel de la Ciudad Colonial. Durante dos d\u00edas, las periodistas compartir\u00e1n su experiencia sobre c\u00f3mo convertir los temas que nos parecen importantes en historias relevantes para la audiencia en distintas plataformas digitales.<\/p>\n\n\n\n<p class=\"wp-block-paragraph\">El otro taller es el de Periodismo Ambiental, organizado con el apoyo de Open Society Foundations (OSF) y de la Cooperaci\u00f3n Suiza para el Desarrollo (COSUDE) es impartido por Lorena Arroyo Valles y Mar\u00eda M\u00f3nica Monsalve de El Pa\u00eds Am\u00e9rica.<\/p>\n\n\n\n<p class=\"wp-block-paragraph\">A lo largo de dos sesiones el 19 y 20 los participantes aprender\u00e1n c\u00f3mo denunciar y poner sobre la mesa los problemas ambientales de la regi\u00f3n, ejercer un periodismo propositivo para encontrar soluciones y visibilizar el impacto del cambio clim\u00e1tico en Centroam\u00e9rica y El Caribe.<\/p>\n\n\n\n<p class=\"wp-block-paragraph\">En ambos pueden participar periodistas y editores independientes de Centroam\u00e9rica y el Caribe que trabajen o colaboren en medios de sus respectivos pa\u00edses.<\/p>\n\n\n\n<p class=\"wp-block-paragraph\"><strong>Becas disponibles<\/strong><\/p>\n\n\n\n<p class=\"wp-block-paragraph\">Gracias al apoyo de los socios y organizadores de los talleres, estos no tienen costo y adem\u00e1s para el caso del taller de Periodismo Ambiental, se contar\u00e1 con becas completas para cinco participantes originarios de Centroam\u00e9rica y El Caribe que incluyen boleto a\u00e9reo y estad\u00eda.<\/p>\n\n\n\n<p class=\"wp-block-paragraph\">Para postular, los aspirantes deben inscribirse en el sitio web del festival www.centroamericacuenta.com antes del 5 mayo, fecha del cierre de la convocatoria.<\/p>\n\n\n\n<p class=\"wp-block-paragraph\"><strong>Sobre el Festival Centroam\u00e9rica Cuenta<\/strong><\/p>\n\n\n\n<p class=\"wp-block-paragraph\">Centroam\u00e9rica Cuenta es un festival que promueve el pensamiento cr\u00edtico desde la literatura y las artes. Es considerado el encuentro literario m\u00e1s importante de la regi\u00f3n, y su principal prop\u00f3sito es contribuir a la proyecci\u00f3n y difusi\u00f3n de la literatura iberoamericana desde Centroam\u00e9rica. Naci\u00f3 en 2013 en Managua, Nicaragua donde se realiz\u00f3 de forma interrumpida hasta 2018, cuando deton\u00f3 la crisis sociopol\u00edtica en el pa\u00eds y el festival se torn\u00f3 itinerante. Ahora tiene dos ediciones presenciales, una en mayo en Centroam\u00e9rica o el Caribe y otra en septiembre en Madrid.<br>El festival es presidido por Sergio Ram\u00edrez (Premio Cervantes 2017) y dirigido por Claudia Neira Berm\u00fadez. Este a\u00f1o celebrar\u00e1 su d\u00e9cimo aniversario en Rep\u00fablica Dominicana, teniendo como contraparte local a la Fundaci\u00f3n Ren\u00e9 del Risco Berm\u00fadez. Hasta la fecha, el festival ha realizado m\u00e1s de 500 eventos, con las voces m\u00e1s representativas de Am\u00e9rica Latina, Espa\u00f1a, Estados Unidos, Francia, Alemania, Italia y los Pa\u00edses Bajos.<\/p>\n\n\n\n<p class=\"wp-block-paragraph\"><strong>Fundaci\u00f3n Ren\u00e9 del Risco Berm\u00fadez<\/strong><\/p>\n\n\n\n<p class=\"wp-block-paragraph\">La Fundaci\u00f3n Ren\u00e9 del Risco Berm\u00fadez fue concebida con el prop\u00f3sito de crear un espacio para la exposici\u00f3n de temas y contenidos en torno a las letras y el arte, as\u00ed como para rendir un homenaje al gran escritor dominicano Ren\u00e9 del Risco Berm\u00fadez. La Fundaci\u00f3n busca acercar al p\u00fablico dominicano a diversas lecciones sobre autores y sus obras, as\u00ed como de los movimientos literarios y su relaci\u00f3n con las dem\u00e1s artes, en un espacio abierto al intercambio de ideas y opiniones. Tambi\u00e9n invita al descubrimiento de las letras como oportunidad de disfrute de nuevos intereses y visiones de mundo, as\u00ed como contribuir a la educaci\u00f3n desde el universo literario y po\u00e9tico.<\/p>\n","protected":false},"excerpt":{"rendered":"<p>SANTO DOMINGO, Rep\u00fablica Dominicana.- El Festival Centroam\u00e9rica Cuenta alcanza este a\u00f1o su d\u00e9cima edici\u00f3n en la regi\u00f3n y una vez m\u00e1s, apuesta por la formaci\u00f3n del talento centroamericano y del Caribe con un nuevo ciclo de talleres con grandes autores y periodistas. \u201cPara Centroam\u00e9rica Cuenta los talleres formativos forman parte primordial de nuestro festival, es [&hellip;]<\/p>\n","protected":false},"author":1,"featured_media":386463,"comment_status":"open","ping_status":"open","sticky":false,"template":"","format":"standard","meta":{"_bbp_topic_count":0,"_bbp_reply_count":0,"_bbp_total_topic_count":0,"_bbp_total_reply_count":0,"_bbp_voice_count":0,"_bbp_anonymous_reply_count":0,"_bbp_topic_count_hidden":0,"_bbp_reply_count_hidden":0,"_bbp_forum_subforum_count":0,"footnotes":""},"categories":[39],"tags":[],"class_list":["post-386462","post","type-post","status-publish","format-standard","has-post-thumbnail","category-entretenimiento"],"_links":{"self":[{"href":"https:\/\/primermomento.com\/index.php?rest_route=\/wp\/v2\/posts\/386462","targetHints":{"allow":["GET"]}}],"collection":[{"href":"https:\/\/primermomento.com\/index.php?rest_route=\/wp\/v2\/posts"}],"about":[{"href":"https:\/\/primermomento.com\/index.php?rest_route=\/wp\/v2\/types\/post"}],"author":[{"embeddable":true,"href":"https:\/\/primermomento.com\/index.php?rest_route=\/wp\/v2\/users\/1"}],"replies":[{"embeddable":true,"href":"https:\/\/primermomento.com\/index.php?rest_route=%2Fwp%2Fv2%2Fcomments&post=386462"}],"version-history":[{"count":1,"href":"https:\/\/primermomento.com\/index.php?rest_route=\/wp\/v2\/posts\/386462\/revisions"}],"predecessor-version":[{"id":386464,"href":"https:\/\/primermomento.com\/index.php?rest_route=\/wp\/v2\/posts\/386462\/revisions\/386464"}],"wp:featuredmedia":[{"embeddable":true,"href":"https:\/\/primermomento.com\/index.php?rest_route=\/wp\/v2\/media\/386463"}],"wp:attachment":[{"href":"https:\/\/primermomento.com\/index.php?rest_route=%2Fwp%2Fv2%2Fmedia&parent=386462"}],"wp:term":[{"taxonomy":"category","embeddable":true,"href":"https:\/\/primermomento.com\/index.php?rest_route=%2Fwp%2Fv2%2Fcategories&post=386462"},{"taxonomy":"post_tag","embeddable":true,"href":"https:\/\/primermomento.com\/index.php?rest_route=%2Fwp%2Fv2%2Ftags&post=386462"}],"curies":[{"name":"wp","href":"https:\/\/api.w.org\/{rel}","templated":true}]}}