{"id":386497,"date":"2023-05-05T06:17:00","date_gmt":"2023-05-05T10:17:00","guid":{"rendered":"https:\/\/primermomento.com\/?p=386497"},"modified":"2023-05-05T14:31:24","modified_gmt":"2023-05-05T18:31:24","slug":"emblematica-banda-cubana-los-van-van-estara-de-gira-por-eeuu","status":"publish","type":"post","link":"https:\/\/primermomento.com\/?p=386497","title":{"rendered":"Emblem\u00e1tica banda cubana Los Van Van estar\u00e1 de gira por EEUU"},"content":{"rendered":"\n<p class=\"wp-block-paragraph\">LA HABANA, Cuba.- Los Van Van, una de las mejores agrupaciones musicales hoy en Cuba, se presentar\u00e1 el 26 de mayo en el Lehman Center for the Performing Arts de la ciudad estadounidense de Nueva York.<\/p>\n\n\n\n<p class=\"wp-block-paragraph\">La actuaci\u00f3n es parte de una gira que incluir\u00e1 Miami, San Francisco, San Diego, Houston y Puerto Rico, seg\u00fan el sitio oficial de la agrupaci\u00f3n en Facebook.<\/p>\n\n\n\n<p class=\"wp-block-paragraph\">El legendario grupo estar\u00e1 el pr\u00f3ximo 19 de mayo en Miami Beach Bandshell, y el d\u00eda 27 en el famoso Carnaval de San Francisco y en el Club Roccapulco, tambi\u00e9n en esa urbe californiana.<\/p>\n\n\n\n<p class=\"wp-block-paragraph\">Se\u00f1ala la publicaci\u00f3n que un d\u00eda despu\u00e9s, el tren de la m\u00fasica cubana, como se le conoce en la isla, intervendr\u00e1 en el Festival del Caribe de San Diego, en la costa este norteamericana, en un evento de recaudaci\u00f3n de fondos para brindar lecciones de m\u00fasica e instrumentos a j\u00f3venes desatendidos en esa urbe.<\/p>\n\n\n\n<p class=\"wp-block-paragraph\">Adem\u00e1s de Los Van Van, el festival incluye las actuaciones de las orquestas Tipica 73, de Puerto Rico, que estar\u00e1 celebrando su 50 aniversario, y La Verdad de Los \u00c1ngeles.<\/p>\n\n\n\n<p class=\"wp-block-paragraph\">Otra de sus publicaciones en esa red social informa que Los Van Van realizar\u00e1 tambi\u00e9n una gira por Europa del 3 al 16 de junio.<\/p>\n\n\n\n<p class=\"wp-block-paragraph\">Fundada en 1969 por el bajista Juan Formell, la orquesta se ha mantenido desde entonces en la preferencia del p\u00fablico cubano y de los seguidores en el extranjero de la m\u00fasica popular bailable producida en la isla caribe\u00f1a.<\/p>\n\n\n\n<p class=\"wp-block-paragraph\">Recibi\u00f3 en 1999 el Grammy por su \u00e1lbum \u201cLleg\u00f3\u2026 Van Van (Van Van est\u00e1 aqu\u00ed)\u201dy varias nominaciones en otras ediciones. En noviembre de 2013, su director durante m\u00e1s de cinco d\u00e9cadas obtuvo el Grammy Latino a la Excelencia Musical.<\/p>\n\n\n\n<p class=\"has-text-align-right wp-block-paragraph\"><em>PL<\/em><\/p>\n","protected":false},"excerpt":{"rendered":"<p>LA HABANA, Cuba.- Los Van Van, una de las mejores agrupaciones musicales hoy en Cuba, se presentar\u00e1 el 26 de mayo en el Lehman Center for the Performing Arts de la ciudad estadounidense de Nueva York. La actuaci\u00f3n es parte de una gira que incluir\u00e1 Miami, San Francisco, San Diego, Houston y Puerto Rico, seg\u00fan [&hellip;]<\/p>\n","protected":false},"author":1,"featured_media":386498,"comment_status":"open","ping_status":"open","sticky":false,"template":"","format":"standard","meta":{"_bbp_topic_count":0,"_bbp_reply_count":0,"_bbp_total_topic_count":0,"_bbp_total_reply_count":0,"_bbp_voice_count":0,"_bbp_anonymous_reply_count":0,"_bbp_topic_count_hidden":0,"_bbp_reply_count_hidden":0,"_bbp_forum_subforum_count":0,"footnotes":""},"categories":[39],"tags":[],"class_list":["post-386497","post","type-post","status-publish","format-standard","has-post-thumbnail","category-entretenimiento"],"_links":{"self":[{"href":"https:\/\/primermomento.com\/index.php?rest_route=\/wp\/v2\/posts\/386497","targetHints":{"allow":["GET"]}}],"collection":[{"href":"https:\/\/primermomento.com\/index.php?rest_route=\/wp\/v2\/posts"}],"about":[{"href":"https:\/\/primermomento.com\/index.php?rest_route=\/wp\/v2\/types\/post"}],"author":[{"embeddable":true,"href":"https:\/\/primermomento.com\/index.php?rest_route=\/wp\/v2\/users\/1"}],"replies":[{"embeddable":true,"href":"https:\/\/primermomento.com\/index.php?rest_route=%2Fwp%2Fv2%2Fcomments&post=386497"}],"version-history":[{"count":1,"href":"https:\/\/primermomento.com\/index.php?rest_route=\/wp\/v2\/posts\/386497\/revisions"}],"predecessor-version":[{"id":386499,"href":"https:\/\/primermomento.com\/index.php?rest_route=\/wp\/v2\/posts\/386497\/revisions\/386499"}],"wp:featuredmedia":[{"embeddable":true,"href":"https:\/\/primermomento.com\/index.php?rest_route=\/wp\/v2\/media\/386498"}],"wp:attachment":[{"href":"https:\/\/primermomento.com\/index.php?rest_route=%2Fwp%2Fv2%2Fmedia&parent=386497"}],"wp:term":[{"taxonomy":"category","embeddable":true,"href":"https:\/\/primermomento.com\/index.php?rest_route=%2Fwp%2Fv2%2Fcategories&post=386497"},{"taxonomy":"post_tag","embeddable":true,"href":"https:\/\/primermomento.com\/index.php?rest_route=%2Fwp%2Fv2%2Ftags&post=386497"}],"curies":[{"name":"wp","href":"https:\/\/api.w.org\/{rel}","templated":true}]}}