{"id":386563,"date":"2023-05-06T10:16:11","date_gmt":"2023-05-06T14:16:11","guid":{"rendered":"https:\/\/primermomento.com\/?p=386563"},"modified":"2023-05-06T17:08:41","modified_gmt":"2023-05-06T21:08:41","slug":"presidente-abinader-unico-en-asistir-a-ceremonia-de-coronacion-de-un-monarca","status":"publish","type":"post","link":"https:\/\/primermomento.com\/?p=386563","title":{"rendered":"Presidente Abinader asiste a coronaci\u00f3n del rey Carlos III"},"content":{"rendered":"\n<p>LONDRES, Inglaterra.- El Presidente Luis Abinader se convirti\u00f3 en el primer Jefe de Estado dominicano en participar en la ceremonia de coronaci\u00f3n de un monarca.<\/p>\n\n\n\n<p>La asistencia del primer mandatario de la naci\u00f3n a la coronaci\u00f3n de sus majestades, el rey Carlos III y la reina consorte Camila, lo convierten en el \u00fanico en tener ese privilegio.<\/p>\n\n\n\n<p>El presidente Abinader lleg\u00f3 a la Abad\u00eda de Westminster, lugar de la ceremonia de coronaci\u00f3n, alrededor de las 8:00 de la ma\u00f1ana, hora local, acompa\u00f1ado de la primera dama Raquel Arbaje.<\/p>\n\n\n\n<p>Al llegar al lugar, fueron recibidos por edecanes de la Casa Real que los acomodaron en los asientos que les fueron reservados junto a otros Jefes de Estado y de Gobierno invitados.<\/p>\n\n\n\n<p>Al finalizar la ceremonia de coronaci\u00f3n, el presidente Abinader y la primera dama asistieron a un almuerzo ofrecido por la Casa Real a los dignatarios presentes.<\/p>\n\n\n\n<p>A este magno evento asistieron m\u00e1s de dos mil invitados, entre ellos, jefes de Estado y de Gobierno, ministros de Relaciones Exteriores y otros jefes de delegaci\u00f3n e invitados especiales del m\u00e1s alto nivel.<\/p>\n\n\n\n<p>Con algunos de ellos el presidente Abinader tuvo la oportunidad de intercambiar opiniones, tanto en el desayuno y la recepci\u00f3n del pasado viernes, como en el almuerzo al final de la coronaci\u00f3n.<\/p>\n\n\n\n<p>El mandatario dominicano tambi\u00e9n tuvo la oportunidad de reunirse con la baronesa Gloria Dorothy Hooper, enviada del primer ministro del Reino Unido para Rep\u00fablica Dominicana, Panam\u00e1 y Costa Rica.<\/p>\n\n\n\n<p>Tambi\u00e9n se reuni\u00f3 con el se\u00f1or David Rutley, viceministro de Relaciones Exteriores del Reino Unido, para las Am\u00e9ricas y el Caribe.<\/p>\n\n\n\n<p>El presidente Abinader y su esposa llegaron a Londres el pasado jueves junto a una peque\u00f1a comitiva integrada por la jefa de Gabinete del Despacho Presidencial, Lourdes Herrera y el director del CUSEP y jefe de su seguridad personal, general ERD Jimmy Arias Grull\u00f3n.<\/p>\n\n\n\n<p>Tambi\u00e9n le acompa\u00f1an en este viaje el director de Prensa del Presidente, periodista Daniel Garc\u00eda Archibald, y el director de Ceremonial de Estado, Francisco Cantizano.<\/p>\n","protected":false},"excerpt":{"rendered":"<p>LONDRES, Inglaterra.- El Presidente Luis Abinader se convirti\u00f3 en el primer Jefe de Estado dominicano en participar en la ceremonia de coronaci\u00f3n de un monarca. La asistencia del primer mandatario de la naci\u00f3n a la coronaci\u00f3n de sus majestades, el rey Carlos III y la reina consorte Camila, lo convierten en el \u00fanico en tener [&hellip;]<\/p>\n","protected":false},"author":1,"featured_media":386564,"comment_status":"open","ping_status":"open","sticky":false,"template":"","format":"standard","meta":{"_bbp_topic_count":0,"_bbp_reply_count":0,"_bbp_total_topic_count":0,"_bbp_total_reply_count":0,"_bbp_voice_count":0,"_bbp_anonymous_reply_count":0,"_bbp_topic_count_hidden":0,"_bbp_reply_count_hidden":0,"_bbp_forum_subforum_count":0,"footnotes":""},"categories":[61],"tags":[],"class_list":{"0":"post-386563","1":"post","2":"type-post","3":"status-publish","4":"format-standard","5":"has-post-thumbnail","7":"category-mundo"},"_links":{"self":[{"href":"https:\/\/primermomento.com\/index.php?rest_route=\/wp\/v2\/posts\/386563","targetHints":{"allow":["GET"]}}],"collection":[{"href":"https:\/\/primermomento.com\/index.php?rest_route=\/wp\/v2\/posts"}],"about":[{"href":"https:\/\/primermomento.com\/index.php?rest_route=\/wp\/v2\/types\/post"}],"author":[{"embeddable":true,"href":"https:\/\/primermomento.com\/index.php?rest_route=\/wp\/v2\/users\/1"}],"replies":[{"embeddable":true,"href":"https:\/\/primermomento.com\/index.php?rest_route=%2Fwp%2Fv2%2Fcomments&post=386563"}],"version-history":[{"count":2,"href":"https:\/\/primermomento.com\/index.php?rest_route=\/wp\/v2\/posts\/386563\/revisions"}],"predecessor-version":[{"id":386568,"href":"https:\/\/primermomento.com\/index.php?rest_route=\/wp\/v2\/posts\/386563\/revisions\/386568"}],"wp:featuredmedia":[{"embeddable":true,"href":"https:\/\/primermomento.com\/index.php?rest_route=\/wp\/v2\/media\/386564"}],"wp:attachment":[{"href":"https:\/\/primermomento.com\/index.php?rest_route=%2Fwp%2Fv2%2Fmedia&parent=386563"}],"wp:term":[{"taxonomy":"category","embeddable":true,"href":"https:\/\/primermomento.com\/index.php?rest_route=%2Fwp%2Fv2%2Fcategories&post=386563"},{"taxonomy":"post_tag","embeddable":true,"href":"https:\/\/primermomento.com\/index.php?rest_route=%2Fwp%2Fv2%2Ftags&post=386563"}],"curies":[{"name":"wp","href":"https:\/\/api.w.org\/{rel}","templated":true}]}}