{"id":386592,"date":"2023-05-06T14:26:48","date_gmt":"2023-05-06T18:26:48","guid":{"rendered":"https:\/\/primermomento.com\/?p=386592"},"modified":"2023-05-06T15:20:18","modified_gmt":"2023-05-06T19:20:18","slug":"republicanos-piden-reformas-para-aumentar-techo-de-la-deuda-de-eeuu","status":"publish","type":"post","link":"https:\/\/primermomento.com\/?p=386592","title":{"rendered":"Republicanos piden reformas para aumentar techo de la deuda de EEUU"},"content":{"rendered":"\n<p>WASHINGTON, EEUU.- El l\u00edder de la minor\u00eda del Senado de Estados Unidos, Mitch McConnell, y varios congresistas republicanos reclamaron \u201creformas sustanciales presupuestarias\u201d como condici\u00f3n para aumentar el techo de la deuda, informan hoy medios de prensa.<\/p>\n\n\n\n<p>McConnell y m\u00e1s de 40 miembros de la conferencia republicana firmaron una carta en la que advierten que no respaldar\u00e1n \u201cning\u00fan proyecto de ley que eleve el techo de la deuda sin gastos sustanciales y reformas presupuestarias\u201d, de acuerdo con The Hill.<\/p>\n\n\n\n<p>La misiva est\u00e1 dirigida al l\u00edder de la mayor\u00eda del Senado, Chuck Schumer, y ser\u00eda la declaraci\u00f3n m\u00e1s clara de McConnell hasta la fecha sobre lo que est\u00e1 dispuesto a apoyar para evitar un incumplimiento nacional el pr\u00f3ximo mes cuando se prev\u00e9 que el Gobierno federal se quede sin dinero.<\/p>\n\n\n\n<p>\u201cLa conferencia republicana del Senado est\u00e1 unida detr\u00e1s de la conferencia republicana de la C\u00e1mara en apoyo de los recortes de gastos y la reforma presupuestaria estructural como punto de partida para las negociaciones sobre el techo de la deuda\u201d, precisa la carta.<\/p>\n\n\n\n<p>McConnell, quien lleg\u00f3 a un acuerdo con los dem\u00f3cratas del Senado en 2021 para aumentar el l\u00edmite de deuda, dijo anteriormente que las negociaciones actuales deber\u00edan ser manejadas en su totalidad por el presidente Joe Biden y el presidente de la C\u00e1mara Kevin McCarthy.<\/p>\n\n\n\n<p>\u201cEn esta situaci\u00f3n, y he pasado por algunos de estos dramas sobre el techo de la deuda, no hay soluci\u00f3n en el Senado. Hemos dividido al Gobierno\u201d, manifest\u00f3 a los periodistas.<\/p>\n\n\n\n<p>\u201cEl pueblo estadounidense les dio a los republicanos la C\u00e1mara, los dem\u00f3cratas tienen la presidencia\u201d, afirm\u00f3.<\/p>\n\n\n\n<p>La secretaria del Tesoro, Janet Yellen, advirti\u00f3 a los l\u00edderes del Congreso que el pa\u00eds pronto podr\u00eda agotar las medidas extraordinarias que su departamento ha empleado desde enero para evitar lo que muchos expertos consideran que ser\u00eda una cat\u00e1strofe econ\u00f3mica.<\/p>\n\n\n\n<p>Expres\u00f3 que \u201cnuestra mejor estimaci\u00f3n es que no podremos seguir cumpliendo con todas las obligaciones del Gobierno a principios de junio, y posiblemente tan pronto como el 1 de junio, si el Congreso no eleva o suspende el l\u00edmite de la deuda antes de esa fecha\u201d.<\/p>\n\n\n\n<p>Biden, en una entrevista con Stephanie Ruhle de MSNBC, catalog\u00f3 a McCarthy como \u00abun hombre honesto\u00bb, pero sugiri\u00f3 que el l\u00edder republicano tendr\u00eda dificultades para vender un posible acuerdo de techo de deuda a su grupo conservador, especialmente despu\u00e9s de su prolongada candidatura a Portavoz.<\/p>\n\n\n\n<p>El presidente tambi\u00e9n objet\u00f3 la posibilidad de invocar la cl\u00e1usula de \u00abdeuda p\u00fablica\u00bb de la Enmienda 14, que algunos acad\u00e9micos legales plantean para anular el l\u00edmite de endeudamiento aprobado por el Congreso de la naci\u00f3n, esencialmente obligando al Gobierno a continuar haciendo pagos.<\/p>\n\n\n\n<p>\u201cTodav\u00eda no he llegado all\u00ed\u201d, dijo Biden cuando se le pregunt\u00f3 sobre la posibilidad de invocar la enmienda.<\/p>\n\n\n\n<p>Explic\u00f3 que est\u00e1 \u201cpreparado para negociar en detalle\u201d con el presupuesto de los republicanos, pero declar\u00f3 que \u201cno hay posibilidad de que puedan aprobar su presupuesto\u201d.<\/p>\n\n\n\n<p>La carta republicana del Senado afirma que \u201cnuestra econom\u00eda est\u00e1 en ca\u00edda libre debido a pol\u00edticas fiscales insostenibles\u201d y declara que \u201cesta trayectoria debe abordarse con reformas fiscales\u201d.<\/p>\n\n\n\n<p>\u201cAdem\u00e1s, las proyecciones recientes del Tesoro han reforzado la urgencia de abordar el techo de la deuda y la C\u00e1mara ha dado un primer paso responsable al sentarse a la mesa con sus propuestas. Es imperativo que el presidente ahora haga lo mismo\u201d, se lee.<\/p>\n\n\n\n<p>La C\u00e1mara de Representantes, controlada por el Partido Republicano, vot\u00f3 la semana pasada por l\u00edneas partidarias, 217 a 215, para aprobar una propuesta para aumentar el l\u00edmite de la deuda en 1,5 billones y reducir el gasto en 4,8 billones de d\u00f3lares.<\/p>\n\n\n\n<p class=\"has-text-align-right\"><em>PL<\/em><\/p>\n","protected":false},"excerpt":{"rendered":"<p>WASHINGTON, EEUU.- El l\u00edder de la minor\u00eda del Senado de Estados Unidos, Mitch McConnell, y varios congresistas republicanos reclamaron \u201creformas sustanciales presupuestarias\u201d como condici\u00f3n para aumentar el techo de la deuda, informan hoy medios de prensa. McConnell y m\u00e1s de 40 miembros de la conferencia republicana firmaron una carta en la que advierten que no [&hellip;]<\/p>\n","protected":false},"author":1,"featured_media":386593,"comment_status":"open","ping_status":"open","sticky":false,"template":"","format":"standard","meta":{"_bbp_topic_count":0,"_bbp_reply_count":0,"_bbp_total_topic_count":0,"_bbp_total_reply_count":0,"_bbp_voice_count":0,"_bbp_anonymous_reply_count":0,"_bbp_topic_count_hidden":0,"_bbp_reply_count_hidden":0,"_bbp_forum_subforum_count":0,"footnotes":""},"categories":[61],"tags":[],"class_list":{"0":"post-386592","1":"post","2":"type-post","3":"status-publish","4":"format-standard","5":"has-post-thumbnail","7":"category-mundo"},"_links":{"self":[{"href":"https:\/\/primermomento.com\/index.php?rest_route=\/wp\/v2\/posts\/386592","targetHints":{"allow":["GET"]}}],"collection":[{"href":"https:\/\/primermomento.com\/index.php?rest_route=\/wp\/v2\/posts"}],"about":[{"href":"https:\/\/primermomento.com\/index.php?rest_route=\/wp\/v2\/types\/post"}],"author":[{"embeddable":true,"href":"https:\/\/primermomento.com\/index.php?rest_route=\/wp\/v2\/users\/1"}],"replies":[{"embeddable":true,"href":"https:\/\/primermomento.com\/index.php?rest_route=%2Fwp%2Fv2%2Fcomments&post=386592"}],"version-history":[{"count":1,"href":"https:\/\/primermomento.com\/index.php?rest_route=\/wp\/v2\/posts\/386592\/revisions"}],"predecessor-version":[{"id":386594,"href":"https:\/\/primermomento.com\/index.php?rest_route=\/wp\/v2\/posts\/386592\/revisions\/386594"}],"wp:featuredmedia":[{"embeddable":true,"href":"https:\/\/primermomento.com\/index.php?rest_route=\/wp\/v2\/media\/386593"}],"wp:attachment":[{"href":"https:\/\/primermomento.com\/index.php?rest_route=%2Fwp%2Fv2%2Fmedia&parent=386592"}],"wp:term":[{"taxonomy":"category","embeddable":true,"href":"https:\/\/primermomento.com\/index.php?rest_route=%2Fwp%2Fv2%2Fcategories&post=386592"},{"taxonomy":"post_tag","embeddable":true,"href":"https:\/\/primermomento.com\/index.php?rest_route=%2Fwp%2Fv2%2Ftags&post=386592"}],"curies":[{"name":"wp","href":"https:\/\/api.w.org\/{rel}","templated":true}]}}