{"id":386596,"date":"2023-05-06T15:19:58","date_gmt":"2023-05-06T19:19:58","guid":{"rendered":"https:\/\/primermomento.com\/?p=386596"},"modified":"2023-05-07T06:53:18","modified_gmt":"2023-05-07T10:53:18","slug":"piden-a-biden-permitir-migrantes-para-resolver-escasez-de-mano-de-obra","status":"publish","type":"post","link":"https:\/\/primermomento.com\/?p=386596","title":{"rendered":"Piden a Biden permitir migrantes para resolver escasez de mano de obra"},"content":{"rendered":"\n<p>WASHINGTON, EEUU.- Un grupo de senadores dem\u00f3cratas de Estados Unidos instaron al presidente Joe Biden a permitir que los estados patrocinen a no ciudadanos para expandir la fuerza laboral en ciertas industrias, seg\u00fan una carta hecha p\u00fablica hoy.<\/p>\n\n\n\n<p>Los senadores, encabezados por Dick Durbin, escribieron en la misiva que Estados Unidos enfrenta una gran escasez de mano de obra en m\u00faltiples industrias debido a dos a\u00f1os de inmigraci\u00f3n perdida en medio de la pandemia de Covid-19.<\/p>\n\n\n\n<p>\u201cNo sorprende que los l\u00edderes estatales hayan pedido una reforma migratoria para satisfacer las necesidades de la fuerza laboral. Sin tales reformas, algunas empresas han cerrado sus puertas. Otros han contratado trabajadores sin autorizaci\u00f3n, con salarios artificialmente reducidos y malas condiciones\u201d, dice la carta.<\/p>\n\n\n\n<p>Se\u00f1alaron que muchos de los migrantes que llegaron a trav\u00e9s de la frontera sur est\u00e1n \u201clistos, capacitados y dispuestos\u201d a ayudar a satisfacer las necesidades laborales del pa\u00eds, pero muchos enfrentan los obst\u00e1culos legales y log\u00edsticos del sistema de inmigraci\u00f3n.<\/p>\n\n\n\n<p>Manifestaron que las leyes de inmigraci\u00f3n requieren que un solicitante de asilo espere seis meses para recibir un permiso de trabajo, y el proceso de solicitud puede demorar casi un a\u00f1o, sin embargo, aquellos que reciben libertad condicional para ingresar al pa\u00eds pueden solicitar una autorizaci\u00f3n de trabajo de inmediato.<\/p>\n\n\n\n<p>Dijeron que la acci\u00f3n del Congreso para proporcionar v\u00edas a la ciudadan\u00eda est\u00e1 \u00abmuy atrasada\u00bb, y es poco probable que suceda a tiempo para abordar las necesidades de la fuerza laboral.<\/p>\n\n\n\n<p>Los senadores tambi\u00e9n expresaron que otorgar la libertad condicional caso por caso causar\u00eda un \u00abbeneficio p\u00fablico significativo\u00bb para los Estados Unidos.<\/p>\n\n\n\n<p>Asimismo, agregaron que el fin del T\u00edtulo 42, que permiti\u00f3 expulsar a los migrantes y negarles el asilo durante la pandemia, provocar\u00e1 un aumento en la llegada de persona al mismo tiempo que los estados est\u00e1n \u201cen necesidad desesperada de trabajadores para garantizar el acceso a la atenci\u00f3n m\u00e9dica y reducir los costos de los alimentos para los estadounidenses\u201d.<\/p>\n\n\n\n<p>\u201cPermitir que estos estados participen en un programa de libertad condicional legal, ordenado y eficiente para satisfacer las necesidades de la fuerza laboral en industrias cr\u00edticas brindar\u00eda un enorme beneficio p\u00fablico a todos los estadounidenses\u201d, se lee en la carta.<\/p>\n\n\n\n<p>La administraci\u00f3n de Joe Biden intensifica desde hace d\u00edas sus preparativos ante el fin de la norma vigente, incluido el despliegue de mil 500 soldados en la frontera sur, as\u00ed como el establecimiento de centros de procesamiento de inmigrantes en toda Am\u00e9rica Latina.<\/p>\n\n\n\n<p>Troy Miller, el principal funcionario de Oficina de Aduanas y Protecci\u00f3n Fronteriza de los Estados Unidos, afirm\u00f3 recientemente al Congreso que su agencia prev\u00e9 la llegada de hasta 10 mil migrantes todos los d\u00edas despu\u00e9s del final del T\u00edtulo 42, lo que casi duplicar\u00eda el promedio diario de marzo.<\/p>\n\n\n\n<p class=\"has-text-align-right\"><em>PL<\/em><\/p>\n","protected":false},"excerpt":{"rendered":"<p>WASHINGTON, EEUU.- Un grupo de senadores dem\u00f3cratas de Estados Unidos instaron al presidente Joe Biden a permitir que los estados patrocinen a no ciudadanos para expandir la fuerza laboral en ciertas industrias, seg\u00fan una carta hecha p\u00fablica hoy. Los senadores, encabezados por Dick Durbin, escribieron en la misiva que Estados Unidos enfrenta una gran escasez [&hellip;]<\/p>\n","protected":false},"author":1,"featured_media":386597,"comment_status":"open","ping_status":"open","sticky":false,"template":"","format":"standard","meta":{"_bbp_topic_count":0,"_bbp_reply_count":0,"_bbp_total_topic_count":0,"_bbp_total_reply_count":0,"_bbp_voice_count":0,"_bbp_anonymous_reply_count":0,"_bbp_topic_count_hidden":0,"_bbp_reply_count_hidden":0,"_bbp_forum_subforum_count":0,"footnotes":""},"categories":[61],"tags":[],"class_list":{"0":"post-386596","1":"post","2":"type-post","3":"status-publish","4":"format-standard","5":"has-post-thumbnail","7":"category-mundo"},"_links":{"self":[{"href":"https:\/\/primermomento.com\/index.php?rest_route=\/wp\/v2\/posts\/386596","targetHints":{"allow":["GET"]}}],"collection":[{"href":"https:\/\/primermomento.com\/index.php?rest_route=\/wp\/v2\/posts"}],"about":[{"href":"https:\/\/primermomento.com\/index.php?rest_route=\/wp\/v2\/types\/post"}],"author":[{"embeddable":true,"href":"https:\/\/primermomento.com\/index.php?rest_route=\/wp\/v2\/users\/1"}],"replies":[{"embeddable":true,"href":"https:\/\/primermomento.com\/index.php?rest_route=%2Fwp%2Fv2%2Fcomments&post=386596"}],"version-history":[{"count":1,"href":"https:\/\/primermomento.com\/index.php?rest_route=\/wp\/v2\/posts\/386596\/revisions"}],"predecessor-version":[{"id":386598,"href":"https:\/\/primermomento.com\/index.php?rest_route=\/wp\/v2\/posts\/386596\/revisions\/386598"}],"wp:featuredmedia":[{"embeddable":true,"href":"https:\/\/primermomento.com\/index.php?rest_route=\/wp\/v2\/media\/386597"}],"wp:attachment":[{"href":"https:\/\/primermomento.com\/index.php?rest_route=%2Fwp%2Fv2%2Fmedia&parent=386596"}],"wp:term":[{"taxonomy":"category","embeddable":true,"href":"https:\/\/primermomento.com\/index.php?rest_route=%2Fwp%2Fv2%2Fcategories&post=386596"},{"taxonomy":"post_tag","embeddable":true,"href":"https:\/\/primermomento.com\/index.php?rest_route=%2Fwp%2Fv2%2Ftags&post=386596"}],"curies":[{"name":"wp","href":"https:\/\/api.w.org\/{rel}","templated":true}]}}