{"id":386644,"date":"2023-05-07T06:08:58","date_gmt":"2023-05-07T10:08:58","guid":{"rendered":"https:\/\/primermomento.com\/?p=386644"},"modified":"2023-05-07T10:17:37","modified_gmt":"2023-05-07T14:17:37","slug":"8-muertos-y-7-heridos-tras-tiroteo-en-centro-comercial-de-texas-atacante-tambien-murio","status":"publish","type":"post","link":"https:\/\/primermomento.com\/?p=386644","title":{"rendered":"8 muertos y 7 heridos tras tiroteo en  centro comercial de Texas; atacante tambi\u00e9n muri\u00f3"},"content":{"rendered":"\n<p>DALLAS, EEUU.- Ocho personas murieron tras el tiroteo en un centro comercial cerca de Dallas, Texas, y siete v\u00edctimas est\u00e1n siendo tratadas en centros de traumatolog\u00eda, dijeron las autoridades el s\u00e1bado por la noche. El atacante, que las autoridades creen que actu\u00f3 solo, tambi\u00e9n est\u00e1 muerto.<\/p>\n\n\n\n<p>El jefe de bomberos de Allen, Jonathan Boyd, dijo que al menos nueve personas fueron enviadas a hospitales. \u201cDe los que transportamos, dos han muerto desde entonces. Tres est\u00e1n en cirug\u00eda cr\u00edtica y cuatro est\u00e1n estables\u201d, dijo Boyd.<\/p>\n\n\n\n<p>Un grupo m\u00e9dico del \u00e1rea de Dallas inform\u00f3 que estaba tratando a v\u00edctimas de hasta 5 a\u00f1os.<\/p>\n\n\n\n<p>Las autoridades de Allen respondieron al tiroteo en la tarde en Allen Premium Outlets, lo que caus\u00f3 que los compradores y trabajadores se escondieran.<\/p>\n\n\n\n<p>Hubo una b\u00fasqueda de un segundo atacante, seg\u00fan una fuente, pero la polic\u00eda ahora dice que cree que el atacante actu\u00f3 solo. La polic\u00eda dijo que un agente de Allen mat\u00f3 al atacante.<\/p>\n\n\n\n<p>Im\u00e1genes de la escena muestran a cientos de usuarios saliendo del \u00e1rea, muchos con las manos en alto. Las im\u00e1genes a\u00e9reas parec\u00edan mostrar al menos tres cuerpos cubiertos por s\u00e1banas fuera del centro comercial.<\/p>\n\n\n\n<p class=\"has-text-align-right\"><em>CNN<\/em><\/p>\n","protected":false},"excerpt":{"rendered":"<p>DALLAS, EEUU.- Ocho personas murieron tras el tiroteo en un centro comercial cerca de Dallas, Texas, y siete v\u00edctimas est\u00e1n siendo tratadas en centros de traumatolog\u00eda, dijeron las autoridades el s\u00e1bado por la noche. El atacante, que las autoridades creen que actu\u00f3 solo, tambi\u00e9n est\u00e1 muerto. El jefe de bomberos de Allen, Jonathan Boyd, dijo [&hellip;]<\/p>\n","protected":false},"author":1,"featured_media":386645,"comment_status":"open","ping_status":"open","sticky":false,"template":"","format":"standard","meta":{"_bbp_topic_count":0,"_bbp_reply_count":0,"_bbp_total_topic_count":0,"_bbp_total_reply_count":0,"_bbp_voice_count":0,"_bbp_anonymous_reply_count":0,"_bbp_topic_count_hidden":0,"_bbp_reply_count_hidden":0,"_bbp_forum_subforum_count":0,"footnotes":""},"categories":[61],"tags":[],"class_list":{"0":"post-386644","1":"post","2":"type-post","3":"status-publish","4":"format-standard","5":"has-post-thumbnail","7":"category-mundo"},"_links":{"self":[{"href":"https:\/\/primermomento.com\/index.php?rest_route=\/wp\/v2\/posts\/386644","targetHints":{"allow":["GET"]}}],"collection":[{"href":"https:\/\/primermomento.com\/index.php?rest_route=\/wp\/v2\/posts"}],"about":[{"href":"https:\/\/primermomento.com\/index.php?rest_route=\/wp\/v2\/types\/post"}],"author":[{"embeddable":true,"href":"https:\/\/primermomento.com\/index.php?rest_route=\/wp\/v2\/users\/1"}],"replies":[{"embeddable":true,"href":"https:\/\/primermomento.com\/index.php?rest_route=%2Fwp%2Fv2%2Fcomments&post=386644"}],"version-history":[{"count":2,"href":"https:\/\/primermomento.com\/index.php?rest_route=\/wp\/v2\/posts\/386644\/revisions"}],"predecessor-version":[{"id":386679,"href":"https:\/\/primermomento.com\/index.php?rest_route=\/wp\/v2\/posts\/386644\/revisions\/386679"}],"wp:featuredmedia":[{"embeddable":true,"href":"https:\/\/primermomento.com\/index.php?rest_route=\/wp\/v2\/media\/386645"}],"wp:attachment":[{"href":"https:\/\/primermomento.com\/index.php?rest_route=%2Fwp%2Fv2%2Fmedia&parent=386644"}],"wp:term":[{"taxonomy":"category","embeddable":true,"href":"https:\/\/primermomento.com\/index.php?rest_route=%2Fwp%2Fv2%2Fcategories&post=386644"},{"taxonomy":"post_tag","embeddable":true,"href":"https:\/\/primermomento.com\/index.php?rest_route=%2Fwp%2Fv2%2Ftags&post=386644"}],"curies":[{"name":"wp","href":"https:\/\/api.w.org\/{rel}","templated":true}]}}