{"id":386708,"date":"2023-05-07T13:28:00","date_gmt":"2023-05-07T17:28:00","guid":{"rendered":"https:\/\/primermomento.com\/?p=386708"},"modified":"2023-05-08T07:53:48","modified_gmt":"2023-05-08T11:53:48","slug":"gobierno-de-eeuu-asegura-estar-preparado-para-levantar-titulo-42","status":"publish","type":"post","link":"https:\/\/primermomento.com\/?p=386708","title":{"rendered":"Gobierno de EEUU asegura estar preparado para levantar T\u00edtulo 42"},"content":{"rendered":"\n<p>WASHINGTON, EEUU.- El secretario del Departamento de Seguridad Nacional de Estados Unidos, Alejandro Mayorkas, asegur\u00f3 hoy que el gobierno est\u00e1 preparado para el levantamiento del T\u00edtulo 42 ante las cr\u00edticas por el tratamiento al tema migratorio.<\/p>\n\n\n\n<p>Durante una aparici\u00f3n en el programa Face The Nation de CBS, Mayorkas aclar\u00f3 que la administraci\u00f3n de Joe Biden \u201cse ha estado preparando para esto desde hace mucho tiempo\u201d.<\/p>\n\n\n\n<p>\u201cIntentamos poner fin al T\u00edtulo 42 repetidamente y los tribunales nos impidieron hacerlo\u201d, dijo y discrep\u00f3 con los se\u00f1alamientos recibidos por parte de algunos congresistas.<\/p>\n\n\n\n<p>Espec\u00edficamente, se refiri\u00f3 a las cr\u00edticas de la senadora independiente por el estado de Arizona, Kyrsten Sinema, quien advirti\u00f3 sobre una \u00abcrisis humanitaria\u00bb en Estados Unidos cuando el T\u00edtulo 42 expire.<\/p>\n\n\n\n<p>\u201cHabl\u00e9 con Sinema, y le asegur\u00e9 que nuestro personal est\u00e1 preparado\u201d, apunt\u00f3.<\/p>\n\n\n\n<p>\u201cTenemos un centro de informaci\u00f3n sobre migraci\u00f3n que est\u00e1 configurado espec\u00edficamente para comunicarse con los funcionarios estatales y locales. Y estamos utilizando a nuestros coordinadores regionales como nuestros puntos clave de contacto\u201d, explic\u00f3 Mayorkas.<\/p>\n\n\n\n<p>Tambi\u00e9n manifest\u00f3 que el Congreso necesita impulsar una reforma migratoria en el futuro cercano.<\/p>\n\n\n\n<p>\u201cTodo lo que est\u00e1 haciendo el Departamento de Seguridad Nacional y nuestros socios en todo el gobierno federal, est\u00e1 dentro de un sistema de inmigraci\u00f3n que no funciona\u201d, se\u00f1al\u00f3 Mayorkas.<\/p>\n\n\n\n<p>\u201cEl presidente pas\u00f3 al Congreso una propuesta para arreglar nuestro sistema de inmigraci\u00f3n roto de d\u00e9cadas, desde el primer d\u00eda en el cargo\u201d, agreg\u00f3.<\/p>\n\n\n\n<p>La administraci\u00f3n de Joe Biden intensifica desde hace d\u00edas sus preparativos ante el fin de la norma vigente, incluido el despliegue de mil 500 soldados en la frontera sur, as\u00ed como el establecimiento de centros de procesamiento de inmigrantes en toda Am\u00e9rica Latina.<\/p>\n\n\n\n<p>Mayorkas enfatiz\u00f3 que a partir de esta semana se aplicar\u00e1 el T\u00edtulo 8, una pol\u00edtica que permite \u201cexpulsar a personas de forma muy r\u00e1pida\u201d, y que incluye una prohibici\u00f3n de reingreso y un proceso penal.<\/p>\n\n\n\n<p>Bajo esta regla, en teor\u00eda, quedar\u00edan inhabilitadas las solicitudes de los migrantes si cruzan la frontera ilegalmente y no solicitan asilo en un pa\u00eds por el que ya hayan viajado.<\/p>\n\n\n\n<p>Con esta norma la consecuencia ser\u00e1 m\u00e1s severa, remarc\u00f3.<\/p>\n\n\n\n<p>Troy Miller, el principal funcionario de Oficina de Aduanas y Protecci\u00f3n Fronteriza de los Estados Unidos, afirm\u00f3 recientemente al Congreso que su agencia prev\u00e9 la llegada de hasta 10 mil migrantes todos los d\u00edas despu\u00e9s del final del T\u00edtulo 42, lo que casi duplicar\u00eda el promedio diario de marzo.<\/p>\n\n\n\n<p class=\"has-text-align-right\"><em>PL<\/em><\/p>\n","protected":false},"excerpt":{"rendered":"<p>WASHINGTON, EEUU.- El secretario del Departamento de Seguridad Nacional de Estados Unidos, Alejandro Mayorkas, asegur\u00f3 hoy que el gobierno est\u00e1 preparado para el levantamiento del T\u00edtulo 42 ante las cr\u00edticas por el tratamiento al tema migratorio. Durante una aparici\u00f3n en el programa Face The Nation de CBS, Mayorkas aclar\u00f3 que la administraci\u00f3n de Joe Biden [&hellip;]<\/p>\n","protected":false},"author":1,"featured_media":386709,"comment_status":"open","ping_status":"open","sticky":false,"template":"","format":"standard","meta":{"_bbp_topic_count":0,"_bbp_reply_count":0,"_bbp_total_topic_count":0,"_bbp_total_reply_count":0,"_bbp_voice_count":0,"_bbp_anonymous_reply_count":0,"_bbp_topic_count_hidden":0,"_bbp_reply_count_hidden":0,"_bbp_forum_subforum_count":0,"footnotes":""},"categories":[61],"tags":[],"class_list":{"0":"post-386708","1":"post","2":"type-post","3":"status-publish","4":"format-standard","5":"has-post-thumbnail","7":"category-mundo"},"_links":{"self":[{"href":"https:\/\/primermomento.com\/index.php?rest_route=\/wp\/v2\/posts\/386708","targetHints":{"allow":["GET"]}}],"collection":[{"href":"https:\/\/primermomento.com\/index.php?rest_route=\/wp\/v2\/posts"}],"about":[{"href":"https:\/\/primermomento.com\/index.php?rest_route=\/wp\/v2\/types\/post"}],"author":[{"embeddable":true,"href":"https:\/\/primermomento.com\/index.php?rest_route=\/wp\/v2\/users\/1"}],"replies":[{"embeddable":true,"href":"https:\/\/primermomento.com\/index.php?rest_route=%2Fwp%2Fv2%2Fcomments&post=386708"}],"version-history":[{"count":1,"href":"https:\/\/primermomento.com\/index.php?rest_route=\/wp\/v2\/posts\/386708\/revisions"}],"predecessor-version":[{"id":386710,"href":"https:\/\/primermomento.com\/index.php?rest_route=\/wp\/v2\/posts\/386708\/revisions\/386710"}],"wp:featuredmedia":[{"embeddable":true,"href":"https:\/\/primermomento.com\/index.php?rest_route=\/wp\/v2\/media\/386709"}],"wp:attachment":[{"href":"https:\/\/primermomento.com\/index.php?rest_route=%2Fwp%2Fv2%2Fmedia&parent=386708"}],"wp:term":[{"taxonomy":"category","embeddable":true,"href":"https:\/\/primermomento.com\/index.php?rest_route=%2Fwp%2Fv2%2Fcategories&post=386708"},{"taxonomy":"post_tag","embeddable":true,"href":"https:\/\/primermomento.com\/index.php?rest_route=%2Fwp%2Fv2%2Ftags&post=386708"}],"curies":[{"name":"wp","href":"https:\/\/api.w.org\/{rel}","templated":true}]}}