{"id":386719,"date":"2023-05-07T09:28:00","date_gmt":"2023-05-07T13:28:00","guid":{"rendered":"https:\/\/primermomento.com\/?p=386719"},"modified":"2023-05-07T16:35:58","modified_gmt":"2023-05-07T20:35:58","slug":"revista-billboard-premia-a-mujeres-latinas-en-la-musica","status":"publish","type":"post","link":"https:\/\/primermomento.com\/?p=386719","title":{"rendered":"Revista Billboard premia a Mujeres Latinas en la M\u00fasica"},"content":{"rendered":"\n<p class=\"wp-block-paragraph\">LOS \u00c1NGELES, EEUU.- La gala de la revista Billboard para homenajear a las damas latinas en la m\u00fasica tendr\u00e1 lugar hoy, con un apartado que festejar\u00e1 la carrera de la compositora y cantante colombiana Shakira, nominada como Mujer del A\u00f1o.<\/p>\n\n\n\n<p class=\"wp-block-paragraph\">Para presentar el espect\u00e1culo fue escogido su coterr\u00e1neo Maluma, quien estar\u00e1 acompa\u00f1ado por otros artistas a las 21:00 hora local cuando rompa el evento que tambi\u00e9n nomin\u00f3 a consagradas y nobeles.<\/p>\n\n\n\n<p class=\"wp-block-paragraph\">En su primera edici\u00f3n, Billboard celebrar\u00e1 a siete artistas latinas, como la ya mencionada Shakira, sigui\u00e9ndole Ana Gabriel, quien recibir\u00e1 el premio Leyenda Viviente; Evaluna, Tradici\u00f3n y Futuro, y Thalia, el lauro Poderosa Global.<\/p>\n\n\n\n<p class=\"wp-block-paragraph\">Las m\u00e1s j\u00f3venes nominadas son Emilia, en la categor\u00eda de Estrella en Ascenso, Maria Becerra, como Visionaria, y Goyo, el premio Agente de Cambio.<\/p>\n\n\n\n<p class=\"wp-block-paragraph\">Quienes siguen a estas estrellas podr\u00e1n disfrutar en horas de la noche de la actuaci\u00f3n del artista canadiense JP Saxe con Evaluna, as\u00ed como, de la brasile\u00f1a Ludmilla, seg\u00fan anunci\u00f3 Billboard.<\/p>\n\n\n\n<p class=\"wp-block-paragraph\">El primer evento de su tipo, Mujeres Latinas en la M\u00fasica reserva un espacio para estas artistas, ejecutivas y creativas de Latinoam\u00e9rica que trabajan de manera proactiva por un cambio positivo, por la inclusi\u00f3n y la paridad de g\u00e9nero en la industria de la m\u00fasica.<\/p>\n\n\n\n<p class=\"wp-block-paragraph\">De manera particular, el galard\u00f3n a la superestrella autora de \u00e9xitos como \u00abOjos negros\u00bb o \u00abCiega, sordomuda\u00bb, se produce a ra\u00edz de un a\u00f1o extraordinario con su tema \u00abShakira: Bzrp Music Sessions, Vol. 53\u00bb, que rompi\u00f3 14 r\u00e9cords Guinnes.<\/p>\n\n\n\n<p class=\"has-text-align-right wp-block-paragraph\"><em>PL<\/em><\/p>\n","protected":false},"excerpt":{"rendered":"<p>LOS \u00c1NGELES, EEUU.- La gala de la revista Billboard para homenajear a las damas latinas en la m\u00fasica tendr\u00e1 lugar hoy, con un apartado que festejar\u00e1 la carrera de la compositora y cantante colombiana Shakira, nominada como Mujer del A\u00f1o. Para presentar el espect\u00e1culo fue escogido su coterr\u00e1neo Maluma, quien estar\u00e1 acompa\u00f1ado por otros artistas [&hellip;]<\/p>\n","protected":false},"author":1,"featured_media":386720,"comment_status":"open","ping_status":"open","sticky":false,"template":"","format":"standard","meta":{"_bbp_topic_count":0,"_bbp_reply_count":0,"_bbp_total_topic_count":0,"_bbp_total_reply_count":0,"_bbp_voice_count":0,"_bbp_anonymous_reply_count":0,"_bbp_topic_count_hidden":0,"_bbp_reply_count_hidden":0,"_bbp_forum_subforum_count":0,"footnotes":""},"categories":[39],"tags":[],"class_list":["post-386719","post","type-post","status-publish","format-standard","has-post-thumbnail","category-entretenimiento"],"_links":{"self":[{"href":"https:\/\/primermomento.com\/index.php?rest_route=\/wp\/v2\/posts\/386719","targetHints":{"allow":["GET"]}}],"collection":[{"href":"https:\/\/primermomento.com\/index.php?rest_route=\/wp\/v2\/posts"}],"about":[{"href":"https:\/\/primermomento.com\/index.php?rest_route=\/wp\/v2\/types\/post"}],"author":[{"embeddable":true,"href":"https:\/\/primermomento.com\/index.php?rest_route=\/wp\/v2\/users\/1"}],"replies":[{"embeddable":true,"href":"https:\/\/primermomento.com\/index.php?rest_route=%2Fwp%2Fv2%2Fcomments&post=386719"}],"version-history":[{"count":1,"href":"https:\/\/primermomento.com\/index.php?rest_route=\/wp\/v2\/posts\/386719\/revisions"}],"predecessor-version":[{"id":386721,"href":"https:\/\/primermomento.com\/index.php?rest_route=\/wp\/v2\/posts\/386719\/revisions\/386721"}],"wp:featuredmedia":[{"embeddable":true,"href":"https:\/\/primermomento.com\/index.php?rest_route=\/wp\/v2\/media\/386720"}],"wp:attachment":[{"href":"https:\/\/primermomento.com\/index.php?rest_route=%2Fwp%2Fv2%2Fmedia&parent=386719"}],"wp:term":[{"taxonomy":"category","embeddable":true,"href":"https:\/\/primermomento.com\/index.php?rest_route=%2Fwp%2Fv2%2Fcategories&post=386719"},{"taxonomy":"post_tag","embeddable":true,"href":"https:\/\/primermomento.com\/index.php?rest_route=%2Fwp%2Fv2%2Ftags&post=386719"}],"curies":[{"name":"wp","href":"https:\/\/api.w.org\/{rel}","templated":true}]}}