{"id":386735,"date":"2023-05-07T20:00:00","date_gmt":"2023-05-08T00:00:00","guid":{"rendered":"https:\/\/primermomento.com\/?p=386735"},"modified":"2023-05-07T17:42:49","modified_gmt":"2023-05-07T21:42:49","slug":"una-noche-con-gary-el-palero-mayor-en-el-centro-cultural-banreservas","status":"publish","type":"post","link":"https:\/\/primermomento.com\/?p=386735","title":{"rendered":"Una noche con Gary, el Palero Mayor en el Centro Cultural Banreservas"},"content":{"rendered":"\n<ul class=\"wp-block-list\">\n<li><strong>Este viernes se present\u00f3 primer disco del cantador de San Crist\u00f3bal, una producci\u00f3n producida por Fundaci\u00f3n Cultural Cofrad\u00eda.<\/strong><\/li>\n<\/ul>\n\n\n\n<p class=\"wp-block-paragraph\">SANTO DOMINGO, Rep\u00fablica Dominicana.- El Centro Cultural Banreservas present\u00f3 la producci\u00f3n El Gary, Palero Mayor, un compendio de canciones del portador de tradici\u00f3n V\u00edctor Mesa, con la producci\u00f3n de Fundaci\u00f3n Cultural Cofrad\u00eda.<\/p>\n\n\n\n<p class=\"wp-block-paragraph\">En el encuentro, El Gary interpret\u00f3 5 canciones de las 10 que contiene el disco. Incluida \u201cMar\u00eda E.\u201d, un tema que antes de la cita fue puesto en l\u00ednea, a trav\u00e9s de las redes de Fundaci\u00f3n Cultural Cofrad\u00eda.<\/p>\n\n\n\n<p class=\"wp-block-paragraph\">Gary, el palero mayor puso a bailar a quienes acudieron al Centro Cultural Banreservas para para participar del estreno de los temas de la producci\u00f3n que conjuga ritmos de palo man\u00ed, salve, palos y mangulina .<\/p>\n\n\n\n<p class=\"wp-block-paragraph\">Gary es uno de los continuadores importantes del ritmo de palos, oriundo de Mata Paloma San Crist\u00f3bal, que se destaca como tocador, int\u00e9rprete, constructor de instrumentos folcl\u00f3ricos de la musicalidad ra\u00edz, explic\u00f3 el gestor musical de los ancestros.<\/p>\n\n\n\n<p class=\"wp-block-paragraph\">El disco fue producido por Fundaci\u00f3n Cultural Cofrad\u00eda, con el auspicio del Centro Cultural Banreservas y con el apoyo tambi\u00e9n del Ministerio de Cultura.<\/p>\n\n\n\n<p class=\"wp-block-paragraph\">La producci\u00f3n de este disco estuvo a cargo de Rold\u00e1n M\u00e1rmol. La direcci\u00f3n musical del disco es del maestro Magic Mej\u00eda, acompa\u00f1ados por los m\u00fasicos son Magic Mej\u00eda, Jos\u00e9 Duluc, Mois\u00e9s Silfa, Juli\u00e1n Guillen, Ra\u00fal S\u00e1nchez, Martin Feliz, Santo Arias, Juany Fern\u00e1ndez, F\u00e9lix Garc\u00eda, Johanny Rodr\u00edguez y C\u00e1ndido Franco, entre otros.<\/p>\n\n\n\n<p class=\"wp-block-paragraph\">Pie de foto<\/p>\n\n\n\n<p class=\"wp-block-paragraph\">V\u00edctor Reyes, Gary, el Palero Mayor, satisfecho con el lanzamiento en el Centro Cultural Banreservas, de su disco, con 10 temas en ritmo de palos, salve, mangulina y palo man\u00ed.\u00a0<\/p>\n\n\n\n<p class=\"has-text-align-right wp-block-paragraph\"><strong><em>Jos\u00e9 Rafael Sosa<\/em>\/ Servicos de Prensa<\/strong><\/p>\n","protected":false},"excerpt":{"rendered":"<p>SANTO DOMINGO, Rep\u00fablica Dominicana.- El Centro Cultural Banreservas present\u00f3 la producci\u00f3n El Gary, Palero Mayor, un compendio de canciones del portador de tradici\u00f3n V\u00edctor Mesa, con la producci\u00f3n de Fundaci\u00f3n Cultural Cofrad\u00eda. En el encuentro, El Gary interpret\u00f3 5 canciones de las 10 que contiene el disco. Incluida \u201cMar\u00eda E.\u201d, un tema que antes de [&hellip;]<\/p>\n","protected":false},"author":1,"featured_media":386736,"comment_status":"open","ping_status":"open","sticky":false,"template":"","format":"standard","meta":{"_bbp_topic_count":0,"_bbp_reply_count":0,"_bbp_total_topic_count":0,"_bbp_total_reply_count":0,"_bbp_voice_count":0,"_bbp_anonymous_reply_count":0,"_bbp_topic_count_hidden":0,"_bbp_reply_count_hidden":0,"_bbp_forum_subforum_count":0,"footnotes":""},"categories":[39],"tags":[],"class_list":["post-386735","post","type-post","status-publish","format-standard","has-post-thumbnail","category-entretenimiento"],"_links":{"self":[{"href":"https:\/\/primermomento.com\/index.php?rest_route=\/wp\/v2\/posts\/386735","targetHints":{"allow":["GET"]}}],"collection":[{"href":"https:\/\/primermomento.com\/index.php?rest_route=\/wp\/v2\/posts"}],"about":[{"href":"https:\/\/primermomento.com\/index.php?rest_route=\/wp\/v2\/types\/post"}],"author":[{"embeddable":true,"href":"https:\/\/primermomento.com\/index.php?rest_route=\/wp\/v2\/users\/1"}],"replies":[{"embeddable":true,"href":"https:\/\/primermomento.com\/index.php?rest_route=%2Fwp%2Fv2%2Fcomments&post=386735"}],"version-history":[{"count":1,"href":"https:\/\/primermomento.com\/index.php?rest_route=\/wp\/v2\/posts\/386735\/revisions"}],"predecessor-version":[{"id":386737,"href":"https:\/\/primermomento.com\/index.php?rest_route=\/wp\/v2\/posts\/386735\/revisions\/386737"}],"wp:featuredmedia":[{"embeddable":true,"href":"https:\/\/primermomento.com\/index.php?rest_route=\/wp\/v2\/media\/386736"}],"wp:attachment":[{"href":"https:\/\/primermomento.com\/index.php?rest_route=%2Fwp%2Fv2%2Fmedia&parent=386735"}],"wp:term":[{"taxonomy":"category","embeddable":true,"href":"https:\/\/primermomento.com\/index.php?rest_route=%2Fwp%2Fv2%2Fcategories&post=386735"},{"taxonomy":"post_tag","embeddable":true,"href":"https:\/\/primermomento.com\/index.php?rest_route=%2Fwp%2Fv2%2Ftags&post=386735"}],"curies":[{"name":"wp","href":"https:\/\/api.w.org\/{rel}","templated":true}]}}