{"id":386798,"date":"2023-05-08T14:28:45","date_gmt":"2023-05-08T18:28:45","guid":{"rendered":"https:\/\/primermomento.com\/?p=386798"},"modified":"2023-05-08T14:28:46","modified_gmt":"2023-05-08T18:28:46","slug":"banl-remozan-galeria-de-exdirectores-de-banda-municipal-de-musica","status":"publish","type":"post","link":"https:\/\/primermomento.com\/?p=386798","title":{"rendered":"BAN\u013a | Remozan galer\u00eda de exdirectores de Banda Municipal de M\u00fasica"},"content":{"rendered":"\n<p class=\"wp-block-paragraph\">BAN\u013a, Rep\u00fablica Dominicana.- El pasado viernes 06 de abril, el Dpto. Cultura del Ayuntamiento de Ban\u00ed, devel\u00f3 el cuadro del ex encargado de la Banda de M\u00fasica Julio Echavarr\u00eda e hizo la presentaci\u00f3n del remozamiento de la galer\u00eda de los ex encargados de la legendaria banda.<\/p>\n\n\n\n<p class=\"wp-block-paragraph\">El director de la citada dependencia, Saulo Betances, manifest\u00f3 que por instrucciones del alcalde Santo Ram\u00edrez se llev\u00f3 a cabo la iniciativa del remozamiento de la galer\u00eda de exdirectores, luego de un encuentro con miembros del grupo consideraron que el mejor lugar para trasladarlo era el Dpto. Cultura.<\/p>\n\n\n\n<p class=\"wp-block-paragraph\">\u201cLa Banda de M\u00fasica tiene una importancia y protagonismo en la identidad banileja, lo que he ponderado en cada escenario que he tenido la oportunidad, Ban\u00ed no fuera lo que hoy conocemos si no existiera esta orquesta, que es un fundamento de las tradiciones y costumbres que nos definen, se\u00f1al\u00f3 el funcionario\u201d.<\/p>\n\n\n\n<p class=\"wp-block-paragraph\">Durante el acto celebrado en el cuarto nivel del palacio municipal, la presidenta del Concejo Edilicio Carolina D\u00edaz, resalt\u00f3 que se debe continuar apoyando la Banda de M\u00fasica Municipal, la que ya tiene 140 a\u00f1os de fundada y fue la primera en comenzar a funcionar.<\/p>\n\n\n\n<p class=\"wp-block-paragraph\">Mientras el profesor Dione Daniel, hizo una breve rese\u00f1a de c\u00f3mo empez\u00f3 la integraci\u00f3n de la Banda de M\u00fasica, destacando la historia de Francisco Gregorio Billini, quien en sus a\u00f1os de estudios expres\u00f3 el inter\u00e9s a Eucalipto Medina de que se formar\u00e1 la agrupaci\u00f3n a quien no le qued\u00f3 de otra que complacerlo, siendo en noviembre del a\u00f1o 1883 cuando comenzaron a tocar en las inmediaciones del parque central que en aquel entonces era el comando de armas.<\/p>\n\n\n\n<p class=\"wp-block-paragraph\">Dijeron presente, adem\u00e1s, la vicealcaldesa Adriana Soto, el escritor Luis Manuel Pimentel, la artista pl\u00e1stica Esmeralda Bobadilla, el edil Le\u00f3nidas D\u00edaz, j\u00f3venes y autoridades inmersas en el \u00e1mbito cultural del municipio, empleados del cabildo.<\/p>\n","protected":false},"excerpt":{"rendered":"<p>BAN\u013a, Rep\u00fablica Dominicana.- El pasado viernes 06 de abril, el Dpto. Cultura del Ayuntamiento de Ban\u00ed, devel\u00f3 el cuadro del ex encargado de la Banda de M\u00fasica Julio Echavarr\u00eda e hizo la presentaci\u00f3n del remozamiento de la galer\u00eda de los ex encargados de la legendaria banda. El director de la citada dependencia, Saulo Betances, manifest\u00f3 [&hellip;]<\/p>\n","protected":false},"author":1,"featured_media":386800,"comment_status":"open","ping_status":"open","sticky":false,"template":"","format":"standard","meta":{"_bbp_topic_count":0,"_bbp_reply_count":0,"_bbp_total_topic_count":0,"_bbp_total_reply_count":0,"_bbp_voice_count":0,"_bbp_anonymous_reply_count":0,"_bbp_topic_count_hidden":0,"_bbp_reply_count_hidden":0,"_bbp_forum_subforum_count":0,"footnotes":""},"categories":[39],"tags":[],"class_list":["post-386798","post","type-post","status-publish","format-standard","has-post-thumbnail","category-entretenimiento"],"_links":{"self":[{"href":"https:\/\/primermomento.com\/index.php?rest_route=\/wp\/v2\/posts\/386798","targetHints":{"allow":["GET"]}}],"collection":[{"href":"https:\/\/primermomento.com\/index.php?rest_route=\/wp\/v2\/posts"}],"about":[{"href":"https:\/\/primermomento.com\/index.php?rest_route=\/wp\/v2\/types\/post"}],"author":[{"embeddable":true,"href":"https:\/\/primermomento.com\/index.php?rest_route=\/wp\/v2\/users\/1"}],"replies":[{"embeddable":true,"href":"https:\/\/primermomento.com\/index.php?rest_route=%2Fwp%2Fv2%2Fcomments&post=386798"}],"version-history":[{"count":1,"href":"https:\/\/primermomento.com\/index.php?rest_route=\/wp\/v2\/posts\/386798\/revisions"}],"predecessor-version":[{"id":386801,"href":"https:\/\/primermomento.com\/index.php?rest_route=\/wp\/v2\/posts\/386798\/revisions\/386801"}],"wp:featuredmedia":[{"embeddable":true,"href":"https:\/\/primermomento.com\/index.php?rest_route=\/wp\/v2\/media\/386800"}],"wp:attachment":[{"href":"https:\/\/primermomento.com\/index.php?rest_route=%2Fwp%2Fv2%2Fmedia&parent=386798"}],"wp:term":[{"taxonomy":"category","embeddable":true,"href":"https:\/\/primermomento.com\/index.php?rest_route=%2Fwp%2Fv2%2Fcategories&post=386798"},{"taxonomy":"post_tag","embeddable":true,"href":"https:\/\/primermomento.com\/index.php?rest_route=%2Fwp%2Fv2%2Ftags&post=386798"}],"curies":[{"name":"wp","href":"https:\/\/api.w.org\/{rel}","templated":true}]}}