{"id":386917,"date":"2023-05-09T10:25:00","date_gmt":"2023-05-09T14:25:00","guid":{"rendered":"https:\/\/primermomento.com\/?p=386917"},"modified":"2023-05-09T20:37:04","modified_gmt":"2023-05-10T00:37:04","slug":"bernarda-jimenez-recibe-en-madrid-premio-de-la-red-transnacional-de-mujeres","status":"publish","type":"post","link":"https:\/\/primermomento.com\/?p=386917","title":{"rendered":"Bernarda Jim\u00e9nez recibe en Madrid Premio de la Red Transnacional de Mujeres"},"content":{"rendered":"\n<ul class=\"wp-block-list\">\n<li><strong>El galard\u00f3n fue entregado por el director de Instituto Cervantes en el Congreso de los Diputados espa\u00f1oles, en un acto en que se destac\u00f3 la lucha de la dominicana desde 1992 por las inmigrantes.<\/strong><\/li>\n<\/ul>\n\n\n\n<p>MADRID, Espa\u00f1a.- La dominicana Bernarda Jim\u00e9nez Clemente, fundadora de la organizaci\u00f3n Voluntariado de Madres Dominicana (VOMADE-VINCIT) recibi\u00f3 el Premio Internacional de la Red Transnacional de Mujeres, por su lucha de d\u00e9cadas por las mujeres inmigrantes.<\/p>\n\n\n\n<p>Durante un ceremonial realizado en el Congreso de los Diputados espa\u00f1oles, se destac\u00f3 la trayectoria personal y profesional de Jim\u00e9nez Clemente como defensora de los derechos sociales y pol\u00edticos de los migrantes y sus familias.<\/p>\n\n\n\n<p>El escritor Luis Garc\u00eda Montero, director nacional del Instituto Cervantes, al hacerle entrega del premio, dijo que el ejemplo ciudadano y de responsabilidad comunitaria de Jim\u00e9nez Clemente puede servir de modelo para las presentes y futuras generaciones.<\/p>\n\n\n\n<p>El premio consiste en un trofeo en cer\u00e1mica en forma de Menina, inspirada en las figuras femeninas en el cuadro de Diego Vel\u00e1zquez.<\/p>\n\n\n\n<p>Montero, esposo de la novelista Almudena Grandes, manifest\u00f3 que Jim\u00e9nez Clemente pertenece a este tipo de h\u00e9roes y hero\u00ednas que hacen un trabajo humanitario sin importar los galardones ni los titulares de los medios.<\/p>\n\n\n\n<p>Al recibir la estatuilla que representa el premio, se destac\u00f3 su labor de a\u00f1os como activista social en la lucha por la igualdad y la democracia.<\/p>\n\n\n\n<p>La doctora Jim\u00e9nez Clemente, natural de Moca, es egresada de la UASD en Medicina y especializada en Nutrici\u00f3n en la Universidad Complutense, de Madrid.<\/p>\n\n\n\n<p>Fund\u00f3 en 1992 la Asociaci\u00f3n de Madres Dominicanas -Voluntario integraci\u00f3n de Colectivos Internacionales de Trabajadores (VOMADE-VINCIT), tras la muerte de Lucrecia P\u00e9rez, el 13&nbsp;de noviembre de 1992, primera&nbsp;v\u00edctima de violencia por xenofobia por parte de extremistas espa\u00f1oles, incluyendo un polic\u00eda fuera de servicio.<\/p>\n\n\n\n<p>P\u00e9rez fue abatida a tiros por cuatro encapuchados que penetraron al lugar, una discoteca. Esa muerte ocurri\u00f3&nbsp;cuando cuatro encapuchados entraron al lugar que serv\u00eda de refugio a un grupo de inmigrantes sin hogar y la emprendieron a tiros.&nbsp;<\/p>\n\n\n\n<p>La doctora Bernarda Jim\u00e9nez Clemente, m\u00e9dico dominicana con una lucha por las inmigrantes desde 1992, recibe el Premio Internacional de la Red Transnacional de Mujeres en el Congreso de los Diputados.<\/p>\n\n\n\n<p>El Premio Internacional de la Red Transnacional de Mujeres es entregado a la dominicana Bernarda Jim\u00e9nez Clemente. Le entregan, entre otras personas, el director del Instituto Cervantes, el narrador y poeta&nbsp;Luis Garc\u00eda Montero.<\/p>\n\n\n\n<p><strong>Jos\u00e9 Rafael Paula Sosa<\/strong>&nbsp;.Creador de Contenidos. Vea:&nbsp;<a href=\"http:\/\/www.joserafaelsosa.com\/\" target=\"_blank\" rel=\"noreferrer noopener\">&nbsp;www.joserafaelsosa.com<\/a>,&nbsp;revista de noticias&nbsp; y cr\u00f3nicas culturales.&nbsp;<strong>No publicamos&nbsp; contenidos desechables o chatarra.&nbsp;&nbsp;<\/strong>Nuestro blog:&nbsp;<a href=\"https:\/\/www.joserafaelsosa.org\/\" target=\"_blank\" rel=\"noreferrer noopener\">https:\/\/www.joserafaelsosa.org\/<\/a>&nbsp;es un medio m\u00e1s personal, con temas de inter\u00e9s&nbsp;permanente que no depende de la agenda noticiosa del d\u00eda.&nbsp;<\/p>\n\n\n\n<p>Difundimos contenidos que nos ayuden a ser m\u00e1s humanos.&nbsp;<\/p>\n\n\n\n<p class=\"has-text-align-right\"><em>Servicios de Prensa<\/em><\/p>\n","protected":false},"excerpt":{"rendered":"<p>MADRID, Espa\u00f1a.- La dominicana Bernarda Jim\u00e9nez Clemente, fundadora de la organizaci\u00f3n Voluntariado de Madres Dominicana (VOMADE-VINCIT) recibi\u00f3 el Premio Internacional de la Red Transnacional de Mujeres, por su lucha de d\u00e9cadas por las mujeres inmigrantes. Durante un ceremonial realizado en el Congreso de los Diputados espa\u00f1oles, se destac\u00f3 la trayectoria personal y profesional de Jim\u00e9nez [&hellip;]<\/p>\n","protected":false},"author":1,"featured_media":386919,"comment_status":"open","ping_status":"open","sticky":false,"template":"","format":"standard","meta":{"_bbp_topic_count":0,"_bbp_reply_count":0,"_bbp_total_topic_count":0,"_bbp_total_reply_count":0,"_bbp_voice_count":0,"_bbp_anonymous_reply_count":0,"_bbp_topic_count_hidden":0,"_bbp_reply_count_hidden":0,"_bbp_forum_subforum_count":0,"footnotes":""},"categories":[61],"tags":[],"class_list":{"0":"post-386917","1":"post","2":"type-post","3":"status-publish","4":"format-standard","5":"has-post-thumbnail","7":"category-mundo"},"_links":{"self":[{"href":"https:\/\/primermomento.com\/index.php?rest_route=\/wp\/v2\/posts\/386917","targetHints":{"allow":["GET"]}}],"collection":[{"href":"https:\/\/primermomento.com\/index.php?rest_route=\/wp\/v2\/posts"}],"about":[{"href":"https:\/\/primermomento.com\/index.php?rest_route=\/wp\/v2\/types\/post"}],"author":[{"embeddable":true,"href":"https:\/\/primermomento.com\/index.php?rest_route=\/wp\/v2\/users\/1"}],"replies":[{"embeddable":true,"href":"https:\/\/primermomento.com\/index.php?rest_route=%2Fwp%2Fv2%2Fcomments&post=386917"}],"version-history":[{"count":2,"href":"https:\/\/primermomento.com\/index.php?rest_route=\/wp\/v2\/posts\/386917\/revisions"}],"predecessor-version":[{"id":386920,"href":"https:\/\/primermomento.com\/index.php?rest_route=\/wp\/v2\/posts\/386917\/revisions\/386920"}],"wp:featuredmedia":[{"embeddable":true,"href":"https:\/\/primermomento.com\/index.php?rest_route=\/wp\/v2\/media\/386919"}],"wp:attachment":[{"href":"https:\/\/primermomento.com\/index.php?rest_route=%2Fwp%2Fv2%2Fmedia&parent=386917"}],"wp:term":[{"taxonomy":"category","embeddable":true,"href":"https:\/\/primermomento.com\/index.php?rest_route=%2Fwp%2Fv2%2Fcategories&post=386917"},{"taxonomy":"post_tag","embeddable":true,"href":"https:\/\/primermomento.com\/index.php?rest_route=%2Fwp%2Fv2%2Ftags&post=386917"}],"curies":[{"name":"wp","href":"https:\/\/api.w.org\/{rel}","templated":true}]}}