{"id":387104,"date":"2023-05-12T04:00:00","date_gmt":"2023-05-12T08:00:00","guid":{"rendered":"https:\/\/primermomento.com\/?p=387104"},"modified":"2023-05-12T06:55:53","modified_gmt":"2023-05-12T10:55:53","slug":"valoran-que-acroarte-seleccionara-a-comunicador-para-premio-merito-periodistico-en-ny","status":"publish","type":"post","link":"https:\/\/primermomento.com\/?p=387104","title":{"rendered":"Valoran que Acroarte seleccionara a comunicador para \u201cPremio M\u00e9rito Period\u00edstico\u201d en NY"},"content":{"rendered":"\n<p class=\"wp-block-paragraph\">NUEVA YORK, EEUU.- Periodistas, comunicadores, blogueros,\u00a0\u00a0personalidades del espect\u00e1culo y far\u00e1ndula, y profesionales en esta ciudad valoran de positivo que la Asociaci\u00f3n de Cronistas de Arte (Acroarte), seleccionara al locutor y comunicador Francis M\u00e9ndez, radicado en NY, para otorgarle el \u201cPremio Acroarte al M\u00e9rito Period\u00edstico 2023\u201d.<\/p>\n\n\n\n<p class=\"wp-block-paragraph\">La entidad matriz dominicana, sin fines de lucro establecida en Santo Domingo, que aglutina periodistas en arte y espect\u00e1culos desde el a\u00f1o 1984, premiar\u00e1 a M\u00e9ndez \u201cfundador de la filial en la Gran Manzana por sus aportes y trayectoria period\u00edstica al sector que representa\u201d, sostiene Emelyn Baldera, presidenta de Acroarte.<\/p>\n\n\n\n<p class=\"wp-block-paragraph\">A\u00f1ade, que M\u00e9ndez ha dedicado su vida a realizar una comunicaci\u00f3n apegada a la profesionalidad y a la \u00e9tica que sirven de ejemplo para las nuevas generaciones del sector que representa.<\/p>\n\n\n\n<p class=\"wp-block-paragraph\">Asimismo, destaca que el afamado locutor-comunicador empez\u00f3 a ejercer desde los 13 a\u00f1os, trabajando en Radio Jarabacoa hasta 1969, luego, a partir del 15 de diciembre de ese mismo a\u00f1o debuta en HIAW Radio Guarachita, donde se mantuvo hasta 1982.<\/p>\n\n\n\n<p class=\"wp-block-paragraph\">Otros premiados ser\u00e1n Euri Cabral, Servio Cepeda, Julio Mart\u00ednez y Fanny Santana. La premiaci\u00f3n se llevar\u00e1 a cabo el pr\u00f3ximo 14 de junio en el Hotel Intercontinental, en la capital dominicana.<\/p>\n\n\n\n<p class=\"wp-block-paragraph\">Adem\u00e1s de la presidenta Baldera, el actual Comit\u00e9 Ejecutivo de Acroarte est\u00e1 integrado por Jos\u00e9 D\u2019Laura, C\u00e9sar Dalmas\u00ed, Samir Saba, Elvira Lora, Claudio Concepci\u00f3n, Aridio Castillo, Eugenio P\u00e9rez y Hansel Garc\u00eda.<\/p>\n\n\n\n<p class=\"wp-block-paragraph\">Entre los que valoran haber seleccionado a M\u00e9ndez figuran el autor de esta columna; Andy Salas, Lissette Montolio, Germ\u00e1n Batista, Nazario Brea, Eddy Heredia, William Jim\u00e9nez, Dar\u00edo Abreu, Ambiorix Hern\u00e1ndez, Karoline Pimentel; Yary Nin, entre otros<\/p>\n\n\n\n<p class=\"wp-block-paragraph\">Adem\u00e1s, los profesionales y empresarios Patria Gonz\u00e1lez, Rafael Lantigua, On\u00e9simo Guerrero, Rafael \u00c1lvarez, Carlos Maldonado, Cirilo Moronta, y Juan Romero, entre otros.<\/p>\n\n\n\n<p class=\"has-text-align-right wp-block-paragraph\"><em>Ram\u00f3n Mercedes<\/em><\/p>\n","protected":false},"excerpt":{"rendered":"<p>NUEVA YORK, EEUU.- Periodistas, comunicadores, blogueros,\u00a0\u00a0personalidades del espect\u00e1culo y far\u00e1ndula, y profesionales en esta ciudad valoran de positivo que la Asociaci\u00f3n de Cronistas de Arte (Acroarte), seleccionara al locutor y comunicador Francis M\u00e9ndez, radicado en NY, para otorgarle el \u201cPremio Acroarte al M\u00e9rito Period\u00edstico 2023\u201d. La entidad matriz dominicana, sin fines de lucro establecida en [&hellip;]<\/p>\n","protected":false},"author":1,"featured_media":387105,"comment_status":"open","ping_status":"open","sticky":false,"template":"","format":"standard","meta":{"_bbp_topic_count":0,"_bbp_reply_count":0,"_bbp_total_topic_count":0,"_bbp_total_reply_count":0,"_bbp_voice_count":0,"_bbp_anonymous_reply_count":0,"_bbp_topic_count_hidden":0,"_bbp_reply_count_hidden":0,"_bbp_forum_subforum_count":0,"footnotes":""},"categories":[39],"tags":[],"class_list":["post-387104","post","type-post","status-publish","format-standard","has-post-thumbnail","category-entretenimiento"],"_links":{"self":[{"href":"https:\/\/primermomento.com\/index.php?rest_route=\/wp\/v2\/posts\/387104","targetHints":{"allow":["GET"]}}],"collection":[{"href":"https:\/\/primermomento.com\/index.php?rest_route=\/wp\/v2\/posts"}],"about":[{"href":"https:\/\/primermomento.com\/index.php?rest_route=\/wp\/v2\/types\/post"}],"author":[{"embeddable":true,"href":"https:\/\/primermomento.com\/index.php?rest_route=\/wp\/v2\/users\/1"}],"replies":[{"embeddable":true,"href":"https:\/\/primermomento.com\/index.php?rest_route=%2Fwp%2Fv2%2Fcomments&post=387104"}],"version-history":[{"count":1,"href":"https:\/\/primermomento.com\/index.php?rest_route=\/wp\/v2\/posts\/387104\/revisions"}],"predecessor-version":[{"id":387106,"href":"https:\/\/primermomento.com\/index.php?rest_route=\/wp\/v2\/posts\/387104\/revisions\/387106"}],"wp:featuredmedia":[{"embeddable":true,"href":"https:\/\/primermomento.com\/index.php?rest_route=\/wp\/v2\/media\/387105"}],"wp:attachment":[{"href":"https:\/\/primermomento.com\/index.php?rest_route=%2Fwp%2Fv2%2Fmedia&parent=387104"}],"wp:term":[{"taxonomy":"category","embeddable":true,"href":"https:\/\/primermomento.com\/index.php?rest_route=%2Fwp%2Fv2%2Fcategories&post=387104"},{"taxonomy":"post_tag","embeddable":true,"href":"https:\/\/primermomento.com\/index.php?rest_route=%2Fwp%2Fv2%2Ftags&post=387104"}],"curies":[{"name":"wp","href":"https:\/\/api.w.org\/{rel}","templated":true}]}}