{"id":387123,"date":"2023-05-12T10:06:34","date_gmt":"2023-05-12T14:06:34","guid":{"rendered":"https:\/\/primermomento.com\/?p=387123"},"modified":"2023-05-12T12:08:14","modified_gmt":"2023-05-12T16:08:14","slug":"bani-inapa-anuncia-culminacion-de-acueducto-las-tablas-galeon","status":"publish","type":"post","link":"https:\/\/primermomento.com\/?p=387123","title":{"rendered":"Ban\u00ed | INAPA anuncia culminaci\u00f3n de acueducto Las Tablas-Gale\u00f3n"},"content":{"rendered":"\n<p class=\"wp-block-paragraph\"><strong>Ban\u00ed, prov. Peravia, Rep\u00fablica Dominicana.-<\/strong> La Direcci\u00f3n Provincial del Instituto Nacional de Aguas Potables y Alcantarillados (INAPA), trabaja de forma acelerada en la culminaci\u00f3n del sistema de distribuci\u00f3n de agua potable de las comunidades Las Tablas y Gale\u00f3n.<\/p>\n\n\n\n<p class=\"wp-block-paragraph\"><strong>Melvin Ram\u00edrez, director de INAPA Peravia, inform\u00f3 que actualmente se trabaja simult\u00e1nea en la construcci\u00f3n de una estaci\u00f3n de bombeo, dos dep\u00f3sitos reguladores y la colocaci\u00f3n de dos l\u00edneas matriz.<\/strong><\/p>\n\n\n\n<p class=\"wp-block-paragraph\">Ram\u00edrez especific\u00f3 que, aunque hay unos trabajos que demandan mayor tiempo que otros, se espera que muy pronto ambas localidades reciban agua potable de calidad, con presi\u00f3n y en abundancia.<\/p>\n\n\n\n<p class=\"wp-block-paragraph\">En el caso participar de Gale\u00f3n, el director de INAPA Peravia dijo que esa localidad por m\u00e1s de 20 a\u00f1os ha demandado el suministro de agua potable y finalmente contar\u00e1 con un sistema de abastecimiento que garantizar\u00e1 la eficiencia del servicio.<\/p>\n\n\n\n<p class=\"wp-block-paragraph\">Con relaci\u00f3n a la comunidad de Las Tablas, Ram\u00edrez indic\u00f3 que los residentes de ese lugar cuentan con el preciado l\u00edquido, por lo que, con la entrada en funcionamiento de un nuevo dep\u00f3sito regulador y la estaci\u00f3n de bombeo, el servicio ser\u00e1 muy bueno.<\/p>\n","protected":false},"excerpt":{"rendered":"<p>Ban\u00ed, prov. Peravia, Rep\u00fablica Dominicana.- La Direcci\u00f3n Provincial del Instituto Nacional de Aguas Potables y Alcantarillados (INAPA), trabaja de forma acelerada en la culminaci\u00f3n del sistema de distribuci\u00f3n de agua potable de las comunidades Las Tablas y Gale\u00f3n. Melvin Ram\u00edrez, director de INAPA Peravia, inform\u00f3 que actualmente se trabaja simult\u00e1nea en la construcci\u00f3n de una [&hellip;]<\/p>\n","protected":false},"author":60774,"featured_media":387124,"comment_status":"open","ping_status":"open","sticky":false,"template":"","format":"video","meta":{"_bbp_topic_count":0,"_bbp_reply_count":0,"_bbp_total_topic_count":0,"_bbp_total_reply_count":0,"_bbp_voice_count":0,"_bbp_anonymous_reply_count":0,"_bbp_topic_count_hidden":0,"_bbp_reply_count_hidden":0,"_bbp_forum_subforum_count":0,"footnotes":""},"categories":[30],"tags":[],"class_list":["post-387123","post","type-post","status-publish","format-video","has-post-thumbnail","category-actualidad","post_format-post-format-video"],"_links":{"self":[{"href":"https:\/\/primermomento.com\/index.php?rest_route=\/wp\/v2\/posts\/387123","targetHints":{"allow":["GET"]}}],"collection":[{"href":"https:\/\/primermomento.com\/index.php?rest_route=\/wp\/v2\/posts"}],"about":[{"href":"https:\/\/primermomento.com\/index.php?rest_route=\/wp\/v2\/types\/post"}],"author":[{"embeddable":true,"href":"https:\/\/primermomento.com\/index.php?rest_route=\/wp\/v2\/users\/60774"}],"replies":[{"embeddable":true,"href":"https:\/\/primermomento.com\/index.php?rest_route=%2Fwp%2Fv2%2Fcomments&post=387123"}],"version-history":[{"count":6,"href":"https:\/\/primermomento.com\/index.php?rest_route=\/wp\/v2\/posts\/387123\/revisions"}],"predecessor-version":[{"id":387152,"href":"https:\/\/primermomento.com\/index.php?rest_route=\/wp\/v2\/posts\/387123\/revisions\/387152"}],"wp:featuredmedia":[{"embeddable":true,"href":"https:\/\/primermomento.com\/index.php?rest_route=\/wp\/v2\/media\/387124"}],"wp:attachment":[{"href":"https:\/\/primermomento.com\/index.php?rest_route=%2Fwp%2Fv2%2Fmedia&parent=387123"}],"wp:term":[{"taxonomy":"category","embeddable":true,"href":"https:\/\/primermomento.com\/index.php?rest_route=%2Fwp%2Fv2%2Fcategories&post=387123"},{"taxonomy":"post_tag","embeddable":true,"href":"https:\/\/primermomento.com\/index.php?rest_route=%2Fwp%2Fv2%2Ftags&post=387123"}],"curies":[{"name":"wp","href":"https:\/\/api.w.org\/{rel}","templated":true}]}}