{"id":387141,"date":"2023-05-12T11:04:42","date_gmt":"2023-05-12T15:04:42","guid":{"rendered":"https:\/\/primermomento.com\/?p=387141"},"modified":"2023-05-12T11:04:44","modified_gmt":"2023-05-12T15:04:44","slug":"bani-los-cucuruchos-de-peravia-y-tira-piedras-de-azua-juegan-hoy-en-polideportivo","status":"publish","type":"post","link":"https:\/\/primermomento.com\/?p=387141","title":{"rendered":"Ban\u00ed | Los Cucuruchos de Peravia y Tira Piedras de Azua juegan hoy en Polideportivo"},"content":{"rendered":"\n<p class=\"wp-block-paragraph\"><strong>Ban\u00ed, prov. Peravia, Rep\u00fablica Dominicana.- <\/strong>El equipo de baloncesto Los Cucuruchos de Peravia se enfrentar\u00e1 hoy contra los Tira Piedras de Azua, en otro juego del torneo de la Liga Nacional de Desarrollo U22.<\/p>\n\n\n\n<p class=\"wp-block-paragraph\"><strong>El desaf\u00edo entre las dos franquicias se efectuar\u00e1 este viernes 12 de mayo, a las 7 de la noche en el Polideportivo de Ban\u00ed.<\/strong><\/p>\n\n\n\n<p class=\"wp-block-paragraph\">Este ser\u00e1 el tercer juego de Los Cucuruchos de Peravia, los que est\u00e1n invictos con dos ganados y cero perdidos frente a los equipos de Neyba y Barahona.<\/p>\n\n\n\n<p class=\"wp-block-paragraph\">Los interesados en presenciar el juego, pueden adquirir sus entradas a bajo costo; a 50, 100 y 200 pesos para ni\u00f1os, general y VIP, respectivamente.<\/p>\n\n\n\n<p class=\"wp-block-paragraph\">Ma\u00f1ana s\u00e1bado Los Cucuruchos de Peravia jugar\u00e1n en Independencia y el domingo en San Juan de la Maguana.<\/p>\n\n\n\n<p class=\"wp-block-paragraph\">El torneo de la Liga Nacional de Desarrollo U22 en la regi\u00f3n Sur es patrocinado, adem\u00e1s, por la Federaci\u00f3n Dominicana de Baloncesto y el Instituto Nacional de Aguas Potables y Alcantarillados (INAPA).<\/p>\n","protected":false},"excerpt":{"rendered":"<p>Ban\u00ed, prov. Peravia, Rep\u00fablica Dominicana.- El equipo de baloncesto Los Cucuruchos de Peravia se enfrentar\u00e1 hoy contra los Tira Piedras de Azua, en otro juego del torneo de la Liga Nacional de Desarrollo U22. El desaf\u00edo entre las dos franquicias se efectuar\u00e1 este viernes 12 de mayo, a las 7 de la noche en el [&hellip;]<\/p>\n","protected":false},"author":60774,"featured_media":387143,"comment_status":"open","ping_status":"open","sticky":false,"template":"","format":"standard","meta":{"_bbp_topic_count":0,"_bbp_reply_count":0,"_bbp_total_topic_count":0,"_bbp_total_reply_count":0,"_bbp_voice_count":0,"_bbp_anonymous_reply_count":0,"_bbp_topic_count_hidden":0,"_bbp_reply_count_hidden":0,"_bbp_forum_subforum_count":0,"footnotes":""},"categories":[42],"tags":[],"class_list":["post-387141","post","type-post","status-publish","format-standard","has-post-thumbnail","category-deportes"],"_links":{"self":[{"href":"https:\/\/primermomento.com\/index.php?rest_route=\/wp\/v2\/posts\/387141","targetHints":{"allow":["GET"]}}],"collection":[{"href":"https:\/\/primermomento.com\/index.php?rest_route=\/wp\/v2\/posts"}],"about":[{"href":"https:\/\/primermomento.com\/index.php?rest_route=\/wp\/v2\/types\/post"}],"author":[{"embeddable":true,"href":"https:\/\/primermomento.com\/index.php?rest_route=\/wp\/v2\/users\/60774"}],"replies":[{"embeddable":true,"href":"https:\/\/primermomento.com\/index.php?rest_route=%2Fwp%2Fv2%2Fcomments&post=387141"}],"version-history":[{"count":1,"href":"https:\/\/primermomento.com\/index.php?rest_route=\/wp\/v2\/posts\/387141\/revisions"}],"predecessor-version":[{"id":387145,"href":"https:\/\/primermomento.com\/index.php?rest_route=\/wp\/v2\/posts\/387141\/revisions\/387145"}],"wp:featuredmedia":[{"embeddable":true,"href":"https:\/\/primermomento.com\/index.php?rest_route=\/wp\/v2\/media\/387143"}],"wp:attachment":[{"href":"https:\/\/primermomento.com\/index.php?rest_route=%2Fwp%2Fv2%2Fmedia&parent=387141"}],"wp:term":[{"taxonomy":"category","embeddable":true,"href":"https:\/\/primermomento.com\/index.php?rest_route=%2Fwp%2Fv2%2Fcategories&post=387141"},{"taxonomy":"post_tag","embeddable":true,"href":"https:\/\/primermomento.com\/index.php?rest_route=%2Fwp%2Fv2%2Ftags&post=387141"}],"curies":[{"name":"wp","href":"https:\/\/api.w.org\/{rel}","templated":true}]}}