{"id":387157,"date":"2023-05-12T15:12:21","date_gmt":"2023-05-12T19:12:21","guid":{"rendered":"https:\/\/primermomento.com\/?p=387157"},"modified":"2023-05-13T06:59:18","modified_gmt":"2023-05-13T10:59:18","slug":"banl-asp-del-ayuntamiento-y-dps-realizan-operativo-odontologico","status":"publish","type":"post","link":"https:\/\/primermomento.com\/?p=387157","title":{"rendered":"BAN\u013a | ASP del Ayuntamiento y DPS realizan operativo odontol\u00f3gico"},"content":{"rendered":"\n<p class=\"wp-block-paragraph\">BAN\u013a, Rep\u00fablica Dominicana.- La Asociaci\u00f3n de Servidores P\u00fablicos del Ayuntamiento de Ban\u00ed, a trav\u00e9s de la Direcci\u00f3n Provincial de Salud P\u00fablica, realiz\u00f3 un operativo de odontolog\u00eda para beneficiar con diferentes servicios a todo el personal de trabajo de las distintas \u00e1reas de la instituci\u00f3n.<\/p>\n\n\n\n<p class=\"wp-block-paragraph\">Al respecto se pronunci\u00f3 la presidenta de la dependencia (ASP), Yailin Ram\u00edrez, quien manifest\u00f3 que la finalidad de esta jornada m\u00e9dica es brindar asistencia a los empleados y funcionarios del cabildo, pero adem\u00e1s es una respuesta a peticiones que hab\u00eda recibido, como una forma de mostrar su apoyo a los asalariados.<\/p>\n\n\n\n<figure class=\"wp-block-image size-full\"><img loading=\"lazy\" decoding=\"async\" width=\"746\" height=\"498\" src=\"https:\/\/primermomento.com\/wp-content\/uploads\/2023\/05\/Operativo-odontologico-Ayuntamiento-1.jpg\" alt=\"\" class=\"wp-image-387161\" srcset=\"https:\/\/primermomento.com\/wp-content\/uploads\/2023\/05\/Operativo-odontologico-Ayuntamiento-1.jpg 746w, https:\/\/primermomento.com\/wp-content\/uploads\/2023\/05\/Operativo-odontologico-Ayuntamiento-1-300x200.jpg 300w, https:\/\/primermomento.com\/wp-content\/uploads\/2023\/05\/Operativo-odontologico-Ayuntamiento-1-696x465.jpg 696w\" sizes=\"auto, (max-width: 746px) 100vw, 746px\" \/><\/figure>\n\n\n\n<p class=\"wp-block-paragraph\">\u201cCon esto se muestra nuestro apoyo y que cuentan con una persona que los escucha y est\u00e1 atenta a sus inquietudes\u201d, cit\u00f3 Ram\u00edrez.<\/p>\n\n\n\n<p class=\"wp-block-paragraph\">Mientras que la Dr. Evelin And\u00fajar, quien funge como encargada provincial de Salud Bucal de la DPS Peravia, detall\u00f3 que dentro de los servicios que se ofrece se encuentran instrucciones de higiene oral, profilaxis, exodoncias y restauraciones, adem\u00e1s de suministros de kits que contienen herramientas y productos para la higiene.<\/p>\n\n\n\n<p class=\"wp-block-paragraph\">\u201cVenimos preparados para una capacidad de 100 pacientes o m\u00e1s, y quienes se consulten se ir\u00e1n totalmente complacidos, porque adem\u00e1s de las atenciones, le estaremos donando los medicamentos de acuerdo a su condici\u00f3n\u201d, indic\u00f3 la odont\u00f3loga.<\/p>\n\n\n\n<p class=\"wp-block-paragraph\">Tambi\u00e9n le acompa\u00f1aron los odont\u00f3logos Nathaly Objio, supervisora provincial de Salud Bucal DPS Peravia y el supervisor regional Dr. Manuel Disla.<\/p>\n\n\n\n<p class=\"wp-block-paragraph\">Los empleados del Palacio Municipal, desde tempranas horas, estuvieron acudiendo a realizarse diferentes procedimientos gratis.<\/p>\n","protected":false},"excerpt":{"rendered":"<p>BAN\u013a, Rep\u00fablica Dominicana.- La Asociaci\u00f3n de Servidores P\u00fablicos del Ayuntamiento de Ban\u00ed, a trav\u00e9s de la Direcci\u00f3n Provincial de Salud P\u00fablica, realiz\u00f3 un operativo de odontolog\u00eda para beneficiar con diferentes servicios a todo el personal de trabajo de las distintas \u00e1reas de la instituci\u00f3n. Al respecto se pronunci\u00f3 la presidenta de la dependencia (ASP), Yailin [&hellip;]<\/p>\n","protected":false},"author":60774,"featured_media":387158,"comment_status":"open","ping_status":"open","sticky":false,"template":"","format":"video","meta":{"_bbp_topic_count":0,"_bbp_reply_count":0,"_bbp_total_topic_count":0,"_bbp_total_reply_count":0,"_bbp_voice_count":0,"_bbp_anonymous_reply_count":0,"_bbp_topic_count_hidden":0,"_bbp_reply_count_hidden":0,"_bbp_forum_subforum_count":0,"footnotes":""},"categories":[32,106],"tags":[],"class_list":["post-387157","post","type-post","status-publish","format-video","has-post-thumbnail","category-lo-ultimo","category-video-news","post_format-post-format-video"],"_links":{"self":[{"href":"https:\/\/primermomento.com\/index.php?rest_route=\/wp\/v2\/posts\/387157","targetHints":{"allow":["GET"]}}],"collection":[{"href":"https:\/\/primermomento.com\/index.php?rest_route=\/wp\/v2\/posts"}],"about":[{"href":"https:\/\/primermomento.com\/index.php?rest_route=\/wp\/v2\/types\/post"}],"author":[{"embeddable":true,"href":"https:\/\/primermomento.com\/index.php?rest_route=\/wp\/v2\/users\/60774"}],"replies":[{"embeddable":true,"href":"https:\/\/primermomento.com\/index.php?rest_route=%2Fwp%2Fv2%2Fcomments&post=387157"}],"version-history":[{"count":2,"href":"https:\/\/primermomento.com\/index.php?rest_route=\/wp\/v2\/posts\/387157\/revisions"}],"predecessor-version":[{"id":387162,"href":"https:\/\/primermomento.com\/index.php?rest_route=\/wp\/v2\/posts\/387157\/revisions\/387162"}],"wp:featuredmedia":[{"embeddable":true,"href":"https:\/\/primermomento.com\/index.php?rest_route=\/wp\/v2\/media\/387158"}],"wp:attachment":[{"href":"https:\/\/primermomento.com\/index.php?rest_route=%2Fwp%2Fv2%2Fmedia&parent=387157"}],"wp:term":[{"taxonomy":"category","embeddable":true,"href":"https:\/\/primermomento.com\/index.php?rest_route=%2Fwp%2Fv2%2Fcategories&post=387157"},{"taxonomy":"post_tag","embeddable":true,"href":"https:\/\/primermomento.com\/index.php?rest_route=%2Fwp%2Fv2%2Ftags&post=387157"}],"curies":[{"name":"wp","href":"https:\/\/api.w.org\/{rel}","templated":true}]}}