{"id":387163,"date":"2023-05-12T10:24:00","date_gmt":"2023-05-12T14:24:00","guid":{"rendered":"https:\/\/primermomento.com\/?p=387163"},"modified":"2023-05-12T15:33:10","modified_gmt":"2023-05-12T19:33:10","slug":"ministerio-de-deporte-y-digesett-retiran-vehiculos-ocupan-areas-verdes-en-el-centro-olimpico","status":"publish","type":"post","link":"https:\/\/primermomento.com\/?p=387163","title":{"rendered":"Ministerio de Deporte y DIGESETT retiran veh\u00edculos ocupan \u00e1reas verdes en el Centro Ol\u00edmpico"},"content":{"rendered":"\n<p class=\"wp-block-paragraph\">SANTO DOMINGO, Rep\u00fablica Dominicana.- El Departamento de Seguridad del Ministerio de Deportes (MIDEREC) y la Direcci\u00f3n General de Seguridad de Tr\u00e1nsito y Transporte Terrestre (DIGESETT) iniciaron un operativo para retirar los veh\u00edculos que se estacionen en \u00e1reas verdes del Centro Ol\u00edmpico Juan Pablo Duarte, por los da\u00f1os que causan a los \u00e1rboles y la hierba del parque deportivo.<\/p>\n\n\n\n<p class=\"wp-block-paragraph\">De hecho, el operativo se inici\u00f3 el pasado jueves y ese mismo d\u00eda fueron retirados 17 veh\u00edculos, de acuerdo con una nota de la direcci\u00f3n de comunicaci\u00f3n del Ministerio de Deportes.<\/p>\n\n\n\n<p class=\"wp-block-paragraph\">Estas medidas se aplicar\u00e1n de manera permanente en el lugar y en lo sucesivo se ejecutar\u00e1n medidas fiscalizadoras por parte de la DIGESETT.<\/p>\n\n\n\n<p class=\"wp-block-paragraph\">El MIDEREC asegura que mantendr\u00e1 la protecci\u00f3n del Centro Ol\u00edmpico Juan Pablo Duarte, ante cualquier intento de da\u00f1ar su ornato.<\/p>\n\n\n\n<p class=\"wp-block-paragraph\">Francisco Camacho, ministro de Deportes, instruy\u00f3 para que hasta al veh\u00edculo que utiliza, si fuera encontrado ocupando \u00e1reas verdes del Centro Ol\u00edmpico, tambi\u00e9n se le aplicar\u00edan las medidas correspondientes.<\/p>\n\n\n\n<p class=\"wp-block-paragraph\">\u201cEstas son medidas que se est\u00e1n implementando sin excepciones, siempre en la direcci\u00f3n de cuidar y proteger las \u00e1reas verdes del Centro Ol\u00edmpico Juan Pablo Duarte\u201d, agreg\u00f3 el ministro Camacho.<\/p>\n\n\n\n<p class=\"wp-block-paragraph\">Record\u00f3 que en el parque deportivo y recreativo existen parqueos suficientes en diferentes zonas y que no se permitir\u00e1n veh\u00edculos estacionados fuera de esas \u00e1reas, causando da\u00f1os a los \u00e1rboles y la hierba.<\/p>\n\n\n\n<p class=\"wp-block-paragraph\">Sostuvo que en este esfuerzo deben sumarse las federaciones deportivas nacionales y otras entidades que hacen uso del Centro Ol\u00edmpico Juan Pablo Duarte.<\/p>\n","protected":false},"excerpt":{"rendered":"<p>SANTO DOMINGO, Rep\u00fablica Dominicana.- El Departamento de Seguridad del Ministerio de Deportes (MIDEREC) y la Direcci\u00f3n General de Seguridad de Tr\u00e1nsito y Transporte Terrestre (DIGESETT) iniciaron un operativo para retirar los veh\u00edculos que se estacionen en \u00e1reas verdes del Centro Ol\u00edmpico Juan Pablo Duarte, por los da\u00f1os que causan a los \u00e1rboles y la hierba [&hellip;]<\/p>\n","protected":false},"author":60774,"featured_media":387164,"comment_status":"open","ping_status":"open","sticky":false,"template":"","format":"standard","meta":{"_bbp_topic_count":0,"_bbp_reply_count":0,"_bbp_total_topic_count":0,"_bbp_total_reply_count":0,"_bbp_voice_count":0,"_bbp_anonymous_reply_count":0,"_bbp_topic_count_hidden":0,"_bbp_reply_count_hidden":0,"_bbp_forum_subforum_count":0,"footnotes":""},"categories":[42],"tags":[],"class_list":["post-387163","post","type-post","status-publish","format-standard","has-post-thumbnail","category-deportes"],"_links":{"self":[{"href":"https:\/\/primermomento.com\/index.php?rest_route=\/wp\/v2\/posts\/387163","targetHints":{"allow":["GET"]}}],"collection":[{"href":"https:\/\/primermomento.com\/index.php?rest_route=\/wp\/v2\/posts"}],"about":[{"href":"https:\/\/primermomento.com\/index.php?rest_route=\/wp\/v2\/types\/post"}],"author":[{"embeddable":true,"href":"https:\/\/primermomento.com\/index.php?rest_route=\/wp\/v2\/users\/60774"}],"replies":[{"embeddable":true,"href":"https:\/\/primermomento.com\/index.php?rest_route=%2Fwp%2Fv2%2Fcomments&post=387163"}],"version-history":[{"count":1,"href":"https:\/\/primermomento.com\/index.php?rest_route=\/wp\/v2\/posts\/387163\/revisions"}],"predecessor-version":[{"id":387165,"href":"https:\/\/primermomento.com\/index.php?rest_route=\/wp\/v2\/posts\/387163\/revisions\/387165"}],"wp:featuredmedia":[{"embeddable":true,"href":"https:\/\/primermomento.com\/index.php?rest_route=\/wp\/v2\/media\/387164"}],"wp:attachment":[{"href":"https:\/\/primermomento.com\/index.php?rest_route=%2Fwp%2Fv2%2Fmedia&parent=387163"}],"wp:term":[{"taxonomy":"category","embeddable":true,"href":"https:\/\/primermomento.com\/index.php?rest_route=%2Fwp%2Fv2%2Fcategories&post=387163"},{"taxonomy":"post_tag","embeddable":true,"href":"https:\/\/primermomento.com\/index.php?rest_route=%2Fwp%2Fv2%2Ftags&post=387163"}],"curies":[{"name":"wp","href":"https:\/\/api.w.org\/{rel}","templated":true}]}}