{"id":387166,"date":"2023-05-12T08:33:00","date_gmt":"2023-05-12T12:33:00","guid":{"rendered":"https:\/\/primermomento.com\/?p=387166"},"modified":"2023-05-12T15:37:26","modified_gmt":"2023-05-12T19:37:26","slug":"presidente-abinader-visitara-monte-plata-y-la-romana-este-domingo-14-y-lunes-15","status":"publish","type":"post","link":"https:\/\/primermomento.com\/?p=387166","title":{"rendered":"Presidente Abinader visitar\u00e1 Monte Plata y La Romana este domingo 14 y lunes 15"},"content":{"rendered":"\n<p class=\"wp-block-paragraph\">SANTO DOMINGO, Rep\u00fablica Dominicana.- En continuidad de su jornada de inauguraci\u00f3n de obras, reconstrucci\u00f3n y mejoramiento de casas, aceras, contenes, badenes e imbornales, el presidente Luis Abinader agotar\u00e1 durante el domingo 14 y lunes 15 una agenda de trabajo en las provincias de Monte Plata y La Romana.<\/p>\n\n\n\n<p class=\"wp-block-paragraph\">El recorrido del mandatario incluye, adem\u00e1s, una visita de supervisi\u00f3n a la jornada de inclusi\u00f3n social de la Direcci\u00f3n General de Proyectos Estrat\u00e9gicos y Especiales de la Presidencia (PROPEEP) y un almuerzo con miembros de la Defensa Civil, Cruz Roja y Bomberos.<\/p>\n\n\n\n<p class=\"wp-block-paragraph\"><strong>Domingo 14, Monte Plata<\/strong><\/p>\n\n\n\n<p class=\"wp-block-paragraph\">La agenda del presidente Abinader iniciar\u00e1 a las 10:30 de la ma\u00f1ana del domingo con la visita de supervisi\u00f3n a la Jornada \u201cPrimero T\u00fa\u201d del PROPEEP, en la Escuela B\u00e1sica Gregorio Luper\u00f3n, del barrio Pilanconcito en Bayaguana.<\/p>\n\n\n\n<p class=\"wp-block-paragraph\">Luego, el mandatario dejar\u00e1 inaugurada la carretera de Chirino, obra esperada por los residentes de la provincia de Monte Plata por m\u00e1s de 20 a\u00f1os.<\/p>\n\n\n\n<p class=\"wp-block-paragraph\">M\u00e1s adelante, el gobernante presidir\u00e1 la inauguraci\u00f3n de la ampliaci\u00f3n del Acueducto de Monte Plata.<\/p>\n\n\n\n<p class=\"wp-block-paragraph\">Posteriormente, el jefe de Estado dejar\u00e1 inaugurada una estancia infantil en la Ciudad del Conocimiento, de Monte Plata.<\/p>\n\n\n\n<p class=\"wp-block-paragraph\">Para finalizar su recorrido en esta provincia, el presidente Abinader sostendr\u00e1 un almuerzo con 250 miembros de la Defensa Civil, Bomberos y de la Cruz Roja.<\/p>\n\n\n\n<p class=\"wp-block-paragraph\"><strong>Lunes 15, La Romana<\/strong><\/p>\n\n\n\n<p class=\"wp-block-paragraph\">Para seguir con su agenda, el jefe de Estado presidir\u00e1, el lunes 15, la inauguraci\u00f3n de un nuevo hotel en Casa de Campo y luego asistir\u00e1 a un almuerzo.<\/p>\n\n\n\n<p class=\"wp-block-paragraph\">Para concluir su agenda del d\u00eda, el jefe de Estado, a trav\u00e9s del plan de mejoramiento y construcci\u00f3n de viviendas, aceras y contenes del Ministerio de la Vivienda y Edificaciones (MIVED), entregar\u00e1 23 casas nuevas y 14 mejoradas, as\u00ed como 5 kil\u00f3metros de calles asfaltadas y tambi\u00e9n la construcci\u00f3n y rehabilitaci\u00f3n de 9 kil\u00f3metros de aceras, contenes, badenes e imbornales.<\/p>\n","protected":false},"excerpt":{"rendered":"<p>SANTO DOMINGO, Rep\u00fablica Dominicana.- En continuidad de su jornada de inauguraci\u00f3n de obras, reconstrucci\u00f3n y mejoramiento de casas, aceras, contenes, badenes e imbornales, el presidente Luis Abinader agotar\u00e1 durante el domingo 14 y lunes 15 una agenda de trabajo en las provincias de Monte Plata y La Romana. El recorrido del mandatario incluye, adem\u00e1s, una [&hellip;]<\/p>\n","protected":false},"author":60774,"featured_media":387167,"comment_status":"open","ping_status":"open","sticky":false,"template":"","format":"standard","meta":{"_bbp_topic_count":0,"_bbp_reply_count":0,"_bbp_total_topic_count":0,"_bbp_total_reply_count":0,"_bbp_voice_count":0,"_bbp_anonymous_reply_count":0,"_bbp_topic_count_hidden":0,"_bbp_reply_count_hidden":0,"_bbp_forum_subforum_count":0,"footnotes":""},"categories":[30],"tags":[],"class_list":["post-387166","post","type-post","status-publish","format-standard","has-post-thumbnail","category-actualidad"],"_links":{"self":[{"href":"https:\/\/primermomento.com\/index.php?rest_route=\/wp\/v2\/posts\/387166","targetHints":{"allow":["GET"]}}],"collection":[{"href":"https:\/\/primermomento.com\/index.php?rest_route=\/wp\/v2\/posts"}],"about":[{"href":"https:\/\/primermomento.com\/index.php?rest_route=\/wp\/v2\/types\/post"}],"author":[{"embeddable":true,"href":"https:\/\/primermomento.com\/index.php?rest_route=\/wp\/v2\/users\/60774"}],"replies":[{"embeddable":true,"href":"https:\/\/primermomento.com\/index.php?rest_route=%2Fwp%2Fv2%2Fcomments&post=387166"}],"version-history":[{"count":1,"href":"https:\/\/primermomento.com\/index.php?rest_route=\/wp\/v2\/posts\/387166\/revisions"}],"predecessor-version":[{"id":387168,"href":"https:\/\/primermomento.com\/index.php?rest_route=\/wp\/v2\/posts\/387166\/revisions\/387168"}],"wp:featuredmedia":[{"embeddable":true,"href":"https:\/\/primermomento.com\/index.php?rest_route=\/wp\/v2\/media\/387167"}],"wp:attachment":[{"href":"https:\/\/primermomento.com\/index.php?rest_route=%2Fwp%2Fv2%2Fmedia&parent=387166"}],"wp:term":[{"taxonomy":"category","embeddable":true,"href":"https:\/\/primermomento.com\/index.php?rest_route=%2Fwp%2Fv2%2Fcategories&post=387166"},{"taxonomy":"post_tag","embeddable":true,"href":"https:\/\/primermomento.com\/index.php?rest_route=%2Fwp%2Fv2%2Ftags&post=387166"}],"curies":[{"name":"wp","href":"https:\/\/api.w.org\/{rel}","templated":true}]}}