{"id":387171,"date":"2023-05-12T08:45:00","date_gmt":"2023-05-12T12:45:00","guid":{"rendered":"https:\/\/primermomento.com\/?p=387171"},"modified":"2023-05-12T16:50:28","modified_gmt":"2023-05-12T20:50:28","slug":"nuevas-trabas-para-inmigrantes-en-eeuu-tras-expiracion-de-titulo-42","status":"publish","type":"post","link":"https:\/\/primermomento.com\/?p=387171","title":{"rendered":"Nuevas trabas para inmigrantes en EEUU tras expiraci\u00f3n de T\u00edtulo 42"},"content":{"rendered":"\n<p class=\"wp-block-paragraph\">WASHINGTON, EEUU.- Decenas de miles de personas buscan desde hoy cruzar la frontera sur de Estados Unidos tras la expiraci\u00f3n del T\u00edtulo 42, pero tropiezan con otras legislaciones que igualmente impiden su permanencia en el pa\u00eds norte\u00f1o.<\/p>\n\n\n\n<p class=\"wp-block-paragraph\">El jefe de la Patrulla Fronteriza, Ra\u00fal Ortiz, declar\u00f3 que la entidad se preparaba para asignar recursos en pos de abordar esos flujos provenientes de varios pa\u00edses de Latinoam\u00e9rica.<\/p>\n\n\n\n<p class=\"wp-block-paragraph\">Seg\u00fan dijo, citado por CBS News, se preve\u00eda el ingreso de m\u00e1s de 60 mil migrantes que permanec\u00edan en el \u00e1rea fronteriza con M\u00e9xico.<\/p>\n\n\n\n<p class=\"wp-block-paragraph\">En el per\u00edodo previo al final del T\u00edtulo 42, provocado por la terminaci\u00f3n de la emergencia nacional de salud p\u00fablica originado por la Covid-19, los funcionarios vieron un aumento en la migraci\u00f3n, con el registro de alrededor de m\u00e1s 10 mil detenciones diarias en algunos d\u00edas de esta semana.<\/p>\n\n\n\n<p class=\"wp-block-paragraph\">Hasta la v\u00edspera, casi 25 mil personas se encontraban en las instalaciones y tiendas de campa\u00f1a de la Patrulla Fronteriza, a\u00f1adi\u00f3 Ortiz, a pesar de que la agencia solo tiene capacidad para retener a unos pocos miles.<\/p>\n\n\n\n<p class=\"wp-block-paragraph\">Atribuy\u00f3 el incremento actual a los contrabandistas que \u201cobligaron a algunos migrantes a adoptar decisiones que no deber\u00edan tomar\u201d, debido a la difusi\u00f3n de informaci\u00f3n err\u00f3nea sobre la pol\u00edtica estadounidense, incluso en las redes sociales.<\/p>\n\n\n\n<p class=\"wp-block-paragraph\">Tambi\u00e9n afirm\u00f3 que el Gobierno espera disuadir los cruces ilegales deportando o devolviendo a los inmigrantes incapaces de calificar para el asilo y enjuiciando a los que cruzan la frontera repetidamente.<\/p>\n\n\n\n<p class=\"wp-block-paragraph\">De hecho, seg\u00fan la regla implementada a partir de hoy, conocida como T\u00edtulo 8, quienes ingresen sin permiso no ser\u00e1n elegibles para el asilo si no solicitaron protecci\u00f3n en otro pa\u00eds en su camino a Estados Unidos.<\/p>\n\n\n\n<p class=\"wp-block-paragraph\">Asimismo, aquellos que no puedan demostrar que califican para una exenci\u00f3n a la regla enfrentar\u00e1n la deportaci\u00f3n a su naci\u00f3n de origen o a M\u00e9xico, as\u00ed como una expulsi\u00f3n de cinco a\u00f1os de ese territorio norte\u00f1o.<\/p>\n\n\n\n<p class=\"wp-block-paragraph\">Por su parte, la Uni\u00f3n Estadounidense por las Libertades Civiles (ACLU, por sus siglas en ingl\u00e9s) intenta bloquear la nueva pol\u00edtica de la administraci\u00f3n del presidente Joe Biden.<\/p>\n\n\n\n<p class=\"wp-block-paragraph\">En una presentaci\u00f3n ante un tribunal del norte de California, la organizaci\u00f3n argument\u00f3 que las nuevas reglas son un intento de \u201cresucitar y combinar las caracter\u00edsticas ilegales de las dos prohibiciones de asilo anteriores\u201d, que fueron anuladas anteriormente por los jueces federales.<\/p>\n\n\n\n<p class=\"wp-block-paragraph\">La ACLU consider\u00f3 que la regla es \u201cintrincada\u201d y que sus requisitos son \u201cpr\u00e1cticamente imposibles\u201d de cumplir, ya que requieren asegurar una de un n\u00famero limitado de citas en un puerto de entrada.<\/p>\n\n\n\n<p class=\"wp-block-paragraph\">La nueva pol\u00edtica de asilo entr\u00f3 en vigor justo antes de que expirara el T\u00edtulo 42 a la medianoche del viernes.<\/p>\n\n\n\n<p class=\"has-text-align-right wp-block-paragraph\"><em>PL<\/em><\/p>\n","protected":false},"excerpt":{"rendered":"<p>WASHINGTON, EEUU.- Decenas de miles de personas buscan desde hoy cruzar la frontera sur de Estados Unidos tras la expiraci\u00f3n del T\u00edtulo 42, pero tropiezan con otras legislaciones que igualmente impiden su permanencia en el pa\u00eds norte\u00f1o. El jefe de la Patrulla Fronteriza, Ra\u00fal Ortiz, declar\u00f3 que la entidad se preparaba para asignar recursos en [&hellip;]<\/p>\n","protected":false},"author":60774,"featured_media":387172,"comment_status":"open","ping_status":"open","sticky":false,"template":"","format":"video","meta":{"_bbp_topic_count":0,"_bbp_reply_count":0,"_bbp_total_topic_count":0,"_bbp_total_reply_count":0,"_bbp_voice_count":0,"_bbp_anonymous_reply_count":0,"_bbp_topic_count_hidden":0,"_bbp_reply_count_hidden":0,"_bbp_forum_subforum_count":0,"footnotes":""},"categories":[61,106],"tags":[],"class_list":["post-387171","post","type-post","status-publish","format-video","has-post-thumbnail","category-mundo","category-video-news","post_format-post-format-video"],"_links":{"self":[{"href":"https:\/\/primermomento.com\/index.php?rest_route=\/wp\/v2\/posts\/387171","targetHints":{"allow":["GET"]}}],"collection":[{"href":"https:\/\/primermomento.com\/index.php?rest_route=\/wp\/v2\/posts"}],"about":[{"href":"https:\/\/primermomento.com\/index.php?rest_route=\/wp\/v2\/types\/post"}],"author":[{"embeddable":true,"href":"https:\/\/primermomento.com\/index.php?rest_route=\/wp\/v2\/users\/60774"}],"replies":[{"embeddable":true,"href":"https:\/\/primermomento.com\/index.php?rest_route=%2Fwp%2Fv2%2Fcomments&post=387171"}],"version-history":[{"count":1,"href":"https:\/\/primermomento.com\/index.php?rest_route=\/wp\/v2\/posts\/387171\/revisions"}],"predecessor-version":[{"id":387173,"href":"https:\/\/primermomento.com\/index.php?rest_route=\/wp\/v2\/posts\/387171\/revisions\/387173"}],"wp:featuredmedia":[{"embeddable":true,"href":"https:\/\/primermomento.com\/index.php?rest_route=\/wp\/v2\/media\/387172"}],"wp:attachment":[{"href":"https:\/\/primermomento.com\/index.php?rest_route=%2Fwp%2Fv2%2Fmedia&parent=387171"}],"wp:term":[{"taxonomy":"category","embeddable":true,"href":"https:\/\/primermomento.com\/index.php?rest_route=%2Fwp%2Fv2%2Fcategories&post=387171"},{"taxonomy":"post_tag","embeddable":true,"href":"https:\/\/primermomento.com\/index.php?rest_route=%2Fwp%2Fv2%2Ftags&post=387171"}],"curies":[{"name":"wp","href":"https:\/\/api.w.org\/{rel}","templated":true}]}}