{"id":387174,"date":"2023-05-12T08:52:00","date_gmt":"2023-05-12T12:52:00","guid":{"rendered":"https:\/\/primermomento.com\/?p=387174"},"modified":"2023-05-12T15:54:26","modified_gmt":"2023-05-12T19:54:26","slug":"reiteran-que-frontera-de-eeuu-no-esta-abierta-tras-fin-de-titulo-42","status":"publish","type":"post","link":"https:\/\/primermomento.com\/?p=387174","title":{"rendered":"Reiteran que frontera de EEUU no est\u00e1 abierta tras fin de T\u00edtulo 42"},"content":{"rendered":"\n<p>WASHINGTON, EEUU.- El secretario de Seguridad Nacional de Estados Unidos, Alejandro Mayorkas, reiter\u00f3 hoy que la frontera del pa\u00eds no est\u00e1 abierta, mientras decenas de miles de personas intentan cruzar desde M\u00e9xico.<\/p>\n\n\n\n<p>En espera del fin del pol\u00e9mico T\u00edtulo 42, acontecido en la medianoche de este jueves, en regiones mexicanas lim\u00edtrofes se aglomer\u00f3 un gran n\u00famero de individuos dentro de los que se hallaban incluso familias enteras con la esperanza de poder solicitar asilo.<\/p>\n\n\n\n<p>La pol\u00edtica, que permit\u00eda la r\u00e1pida expulsi\u00f3n de los inmigrantes, dio paso a otra, conocida como T\u00edtulo 8, bajo la cual se procesan las solicitudes pero que descarta a quienes no pidieron protecci\u00f3n en otro pa\u00eds en su camino a Estados Unidos.<\/p>\n\n\n\n<p>Asimismo, quienes no puedan demostrar que califican para una exenci\u00f3n a la regla enfrentar\u00e1n la deportaci\u00f3n a su naci\u00f3n de origen o a M\u00e9xico, as\u00ed como una expulsi\u00f3n de cinco a\u00f1os de ese territorio norte\u00f1o.<\/p>\n\n\n\n<p>Seg\u00fan declar\u00f3 Mayorkas a Msnbc News, hay 24 mil miembros del personal de la Patrulla Fronteriza junto con miles de tropas y contratistas para ayudar a gestionar el gran arribo de migrantes.<\/p>\n\n\n\n<p>A la ca\u00f3tica situaci\u00f3n vivida hoy en la frontera sur se suma el desconcierto generado por un fallo de un magistrado estadounidense emitido la v\u00edspera que bloque\u00f3 parte de la pol\u00edtica migratoria prevista a aplicarse a partir de esta jornada.<\/p>\n\n\n\n<p>El dictamen, realizado por el juez de distrito T. Kent Wetherell a solicitud de la procuradora general de Florida, Ashley Moody, impide que el gobierno libere de manera temporal a los migrantes que ingresan ilegalmente al territorio.<\/p>\n\n\n\n<p>La administraci\u00f3n del presidente Joe Biden buscaba con esa disposici\u00f3n evitar el hacinamiento en los centros de detenci\u00f3n al liberar moment\u00e1neamente a algunos solicitantes de asilo con la condici\u00f3n de informar a la Agencia de Inmigraci\u00f3n y Control de Aduanas.<\/p>\n\n\n\n<p>Hasta el jueves, casi 25 mil personas se encontraban en las instalaciones y tiendas de campa\u00f1a de la Patrulla Fronteriza a pesar de que la agencia solo tiene capacidad para retener a unos pocos miles, declar\u00f3 por su parte el jefe de la Patrulla Fronteriza, Ra\u00fal Ortiz.<\/p>\n\n\n\n<p>Debido a los crecientes problemas, la administraci\u00f3n de Biden pidi\u00f3 a Wetherell que mantuviera su sistema de libertad condicional en su lugar, aunque solo fuera en condici\u00f3n de \u201cemergencia\u201d.<\/p>\n\n\n\n<p>El juez, sin embargo, no cedi\u00f3, y argument\u00f3 que la nueva pol\u00edtica se burlaba de una ley federal que requer\u00eda al menos la detenci\u00f3n temporal de cualquier persona que cruzara la frontera ilegalmente.<\/p>\n\n\n\n<p>Inmediatamente despu\u00e9s del fallo, Mayorkas public\u00f3 un mensaje de video donde volvi\u00f3 a reiterar la postura de la administraci\u00f3n.<\/p>\n\n\n\n<p>\u201cA partir de esta noche, se presumir\u00e1 que las personas que lleguen a la frontera sin usar un camino legal no son elegibles para el asilo. Estamos listos para procesar y expulsar a las personas sin una base legal para permanecer en Estados Unidos\u201d, asegur\u00f3.<\/p>\n\n\n\n<p class=\"has-text-align-right\"><em>PL<\/em><\/p>\n","protected":false},"excerpt":{"rendered":"<p>WASHINGTON, EEUU.- El secretario de Seguridad Nacional de Estados Unidos, Alejandro Mayorkas, reiter\u00f3 hoy que la frontera del pa\u00eds no est\u00e1 abierta, mientras decenas de miles de personas intentan cruzar desde M\u00e9xico. En espera del fin del pol\u00e9mico T\u00edtulo 42, acontecido en la medianoche de este jueves, en regiones mexicanas lim\u00edtrofes se aglomer\u00f3 un gran [&hellip;]<\/p>\n","protected":false},"author":60774,"featured_media":387175,"comment_status":"open","ping_status":"open","sticky":false,"template":"","format":"standard","meta":{"_bbp_topic_count":0,"_bbp_reply_count":0,"_bbp_total_topic_count":0,"_bbp_total_reply_count":0,"_bbp_voice_count":0,"_bbp_anonymous_reply_count":0,"_bbp_topic_count_hidden":0,"_bbp_reply_count_hidden":0,"_bbp_forum_subforum_count":0,"footnotes":""},"categories":[61],"tags":[],"class_list":{"0":"post-387174","1":"post","2":"type-post","3":"status-publish","4":"format-standard","5":"has-post-thumbnail","7":"category-mundo"},"_links":{"self":[{"href":"https:\/\/primermomento.com\/index.php?rest_route=\/wp\/v2\/posts\/387174","targetHints":{"allow":["GET"]}}],"collection":[{"href":"https:\/\/primermomento.com\/index.php?rest_route=\/wp\/v2\/posts"}],"about":[{"href":"https:\/\/primermomento.com\/index.php?rest_route=\/wp\/v2\/types\/post"}],"author":[{"embeddable":true,"href":"https:\/\/primermomento.com\/index.php?rest_route=\/wp\/v2\/users\/60774"}],"replies":[{"embeddable":true,"href":"https:\/\/primermomento.com\/index.php?rest_route=%2Fwp%2Fv2%2Fcomments&post=387174"}],"version-history":[{"count":1,"href":"https:\/\/primermomento.com\/index.php?rest_route=\/wp\/v2\/posts\/387174\/revisions"}],"predecessor-version":[{"id":387176,"href":"https:\/\/primermomento.com\/index.php?rest_route=\/wp\/v2\/posts\/387174\/revisions\/387176"}],"wp:featuredmedia":[{"embeddable":true,"href":"https:\/\/primermomento.com\/index.php?rest_route=\/wp\/v2\/media\/387175"}],"wp:attachment":[{"href":"https:\/\/primermomento.com\/index.php?rest_route=%2Fwp%2Fv2%2Fmedia&parent=387174"}],"wp:term":[{"taxonomy":"category","embeddable":true,"href":"https:\/\/primermomento.com\/index.php?rest_route=%2Fwp%2Fv2%2Fcategories&post=387174"},{"taxonomy":"post_tag","embeddable":true,"href":"https:\/\/primermomento.com\/index.php?rest_route=%2Fwp%2Fv2%2Ftags&post=387174"}],"curies":[{"name":"wp","href":"https:\/\/api.w.org\/{rel}","templated":true}]}}