{"id":387207,"date":"2023-05-13T06:44:51","date_gmt":"2023-05-13T10:44:51","guid":{"rendered":"https:\/\/primermomento.com\/?p=387207"},"modified":"2023-05-13T14:21:15","modified_gmt":"2023-05-13T18:21:15","slug":"nino-migrante-no-acompanado-muere-bajo-custodia-del-gobierno-de-florida","status":"publish","type":"post","link":"https:\/\/primermomento.com\/?p=387207","title":{"rendered":"Ni\u00f1o migrante no acompa\u00f1ado muere bajo custodia del gobierno de Florida"},"content":{"rendered":"\n<p>WASHINGTON, EEUU.- Un ni\u00f1o migrante no acompa\u00f1ado de 17 a\u00f1os muri\u00f3 bajo custodia del gobierno en Florida esta semana, confirm\u00f3 el Departamento de Salud y Servicios Humanos de Estados Unidos (HHS por sus siglas en ingl\u00e9s).<\/p>\n\n\n\n<p>Seg\u00fan se inform\u00f3, el adolescente procedente de Honduras fue llevado al hospital el mi\u00e9rcoles por la ma\u00f1ana despu\u00e9s de haber sido encontrado inconsciente y fue declarado muerto una hora m\u00e1s tarde.<\/p>\n\n\n\n<p>\u201cEl HSS est\u00e1 profundamente entristecido por esta tr\u00e1gica p\u00e9rdida y nuestro coraz\u00f3n est\u00e1 con la familia, con quien estamos en contacto\u201d, divulg\u00f3 la agencia en un comunicado citado por CBS News.<\/p>\n\n\n\n<p>El secretario de Relaciones Exteriores de Honduras, Eduardo Enrique Reina, identific\u00f3 al ni\u00f1o como \u00c1ngel Eduardo Maradiaga Espinoza y pidi\u00f3 una \u201cinvestigaci\u00f3n exhaustiva\u201d sobre su muerte.<\/p>\n\n\n\n<p>El canciller revel\u00f3 que el menor estaba en Safety Harbor, Florida, una peque\u00f1a ciudad al oeste de Tampa y sitio de un refugio utilizado para albergar a menores no acompa\u00f1ados.<\/p>\n\n\n\n<p>Despu\u00e9s de que se inform\u00f3 el deceso del adolescente, CBS News supo de otro ni\u00f1o hondure\u00f1o de cuatro a\u00f1os que en marzo falleci\u00f3 tambi\u00e9n bajo el cuidado del HSS, tras ser hospitalizado por un paro card\u00edaco en Michigan.<\/p>\n\n\n\n<p>Acorde con las cifras del gobierno, hasta el mi\u00e9rcoles, estaban a cargo del Departamento de Salud ocho mil 681 ni\u00f1os no acompa\u00f1ados, quienes pasan un promedio de 29 d\u00edas bajo la custodia de la Oficina de Reasentamiento de Refugiados (ORR en ingl\u00e9s).<\/p>\n\n\n\n<p>En el \u00faltimo a\u00f1o fiscal, la mayor\u00eda de los menores remitidos a esta entidad, aproximadamente el 72 por ciento, ten\u00edan m\u00e1s de 14 a\u00f1os.<\/p>\n\n\n\n<p>Asimismo, a\u00f1adi\u00f3 el reporte, alrededor del 29 por ciento de los ni\u00f1os confiados a la ORR en el a\u00f1o fiscal 2022 proced\u00edan de Honduras, casi la mitad de Guatemala y cerca del 13 por ciento de El Salvador.<\/p>\n\n\n\n<p>La noticia de la muerte del menor se produce cuando Estados Unidos implementa nuevas y estrictas pol\u00edticas de asilo y deportaci\u00f3n destinadas a disuadir la migraci\u00f3n ilegal luego de la expiraci\u00f3n del T\u00edtulo 42, una restricci\u00f3n relacionada con la pandemia que finaliz\u00f3 a la medianoche del jueves.<\/p>\n\n\n\n<p class=\"has-text-align-right\"><em>PL<\/em><\/p>\n","protected":false},"excerpt":{"rendered":"<p>WASHINGTON, EEUU.- Un ni\u00f1o migrante no acompa\u00f1ado de 17 a\u00f1os muri\u00f3 bajo custodia del gobierno en Florida esta semana, confirm\u00f3 el Departamento de Salud y Servicios Humanos de Estados Unidos (HHS por sus siglas en ingl\u00e9s). Seg\u00fan se inform\u00f3, el adolescente procedente de Honduras fue llevado al hospital el mi\u00e9rcoles por la ma\u00f1ana despu\u00e9s de [&hellip;]<\/p>\n","protected":false},"author":1,"featured_media":387208,"comment_status":"open","ping_status":"open","sticky":false,"template":"","format":"standard","meta":{"_bbp_topic_count":0,"_bbp_reply_count":0,"_bbp_total_topic_count":0,"_bbp_total_reply_count":0,"_bbp_voice_count":0,"_bbp_anonymous_reply_count":0,"_bbp_topic_count_hidden":0,"_bbp_reply_count_hidden":0,"_bbp_forum_subforum_count":0,"footnotes":""},"categories":[61],"tags":[],"class_list":{"0":"post-387207","1":"post","2":"type-post","3":"status-publish","4":"format-standard","5":"has-post-thumbnail","7":"category-mundo"},"_links":{"self":[{"href":"https:\/\/primermomento.com\/index.php?rest_route=\/wp\/v2\/posts\/387207","targetHints":{"allow":["GET"]}}],"collection":[{"href":"https:\/\/primermomento.com\/index.php?rest_route=\/wp\/v2\/posts"}],"about":[{"href":"https:\/\/primermomento.com\/index.php?rest_route=\/wp\/v2\/types\/post"}],"author":[{"embeddable":true,"href":"https:\/\/primermomento.com\/index.php?rest_route=\/wp\/v2\/users\/1"}],"replies":[{"embeddable":true,"href":"https:\/\/primermomento.com\/index.php?rest_route=%2Fwp%2Fv2%2Fcomments&post=387207"}],"version-history":[{"count":1,"href":"https:\/\/primermomento.com\/index.php?rest_route=\/wp\/v2\/posts\/387207\/revisions"}],"predecessor-version":[{"id":387209,"href":"https:\/\/primermomento.com\/index.php?rest_route=\/wp\/v2\/posts\/387207\/revisions\/387209"}],"wp:featuredmedia":[{"embeddable":true,"href":"https:\/\/primermomento.com\/index.php?rest_route=\/wp\/v2\/media\/387208"}],"wp:attachment":[{"href":"https:\/\/primermomento.com\/index.php?rest_route=%2Fwp%2Fv2%2Fmedia&parent=387207"}],"wp:term":[{"taxonomy":"category","embeddable":true,"href":"https:\/\/primermomento.com\/index.php?rest_route=%2Fwp%2Fv2%2Fcategories&post=387207"},{"taxonomy":"post_tag","embeddable":true,"href":"https:\/\/primermomento.com\/index.php?rest_route=%2Fwp%2Fv2%2Ftags&post=387207"}],"curies":[{"name":"wp","href":"https:\/\/api.w.org\/{rel}","templated":true}]}}