{"id":387248,"date":"2023-05-13T06:30:00","date_gmt":"2023-05-13T10:30:00","guid":{"rendered":"https:\/\/primermomento.com\/?p=387248"},"modified":"2023-05-13T14:08:27","modified_gmt":"2023-05-13T18:08:27","slug":"diplomatico-y-defensoria-publica-de-el-salvador-hablan-sobre-asistencia-migratoria-y-conflicto-penal","status":"publish","type":"post","link":"https:\/\/primermomento.com\/?p=387248","title":{"rendered":"Diplom\u00e1tico y Defensor\u00eda P\u00fablica de El Salvador hablan sobre asistencia migratoria y conflicto penal"},"content":{"rendered":"\n<p>SAN SALVADOR, El Salvador.- El director nacional de Defensa P\u00fablica, Rodolfo Valent\u00edn Santos, fue recibido por el embajador plenipotenciario de Rep\u00fablica Dominicana acreditado en El Salvador, Julio C\u00e9sar George Encarnaci\u00f3n.<\/p>\n\n\n\n<p>Durante el encuentro conversaron sobre la asistencia interinstitucional respecto a ciudadanos dominicanos en situaciones migratorias y de conflicto penal. Por&nbsp;igual, coincidieron sobre la importancia de que las embajadas adscritas en los diferentes pa\u00edses puedan tener comunicaci\u00f3n con la Oficina Nacional de Defensa P\u00fablica, para as\u00ed ser tambi\u00e9n el canal con las defensor\u00edas p\u00fablicas de la regi\u00f3n.<\/p>\n\n\n\n<p>\u00a0El embajador plenipotenciario de Rep\u00fablica Dominicana acreditado en El\u00a0Salvador, Julio C\u00e9sar George Encarnaci\u00f3n y su equipo de trabajo, est\u00e1n desarrollando una excelente gesti\u00f3n de servicios para crear un enlace muy estrecho de comunicaci\u00f3n y apoyo a nuestros ciudadanos dominicanos que viven en El salvador y hay relaciones de alta calidad entre ambas naciones.<\/p>\n\n\n\n<p>El director de la Defensa\u00a0P\u00fablica se encuentra en el Primer Congreso Centroamericano de Defensor\u00edas P\u00fablicas el cual se desarrolla en El Salvador, invitado por Ren\u00e9 Gustavo Escobar \u00c1lvarez, procurador general de El Salvador y coordinador de Am\u00e9rica Central de la Asociaci\u00f3n Interamericana de Defensor\u00edas P\u00fablicas (AIDEF).<\/p>\n","protected":false},"excerpt":{"rendered":"<p>SAN SALVADOR, El Salvador.- El director nacional de Defensa P\u00fablica, Rodolfo Valent\u00edn Santos, fue recibido por el embajador plenipotenciario de Rep\u00fablica Dominicana acreditado en El Salvador, Julio C\u00e9sar George Encarnaci\u00f3n. Durante el encuentro conversaron sobre la asistencia interinstitucional respecto a ciudadanos dominicanos en situaciones migratorias y de conflicto penal. Por&nbsp;igual, coincidieron sobre la importancia de [&hellip;]<\/p>\n","protected":false},"author":1,"featured_media":387249,"comment_status":"open","ping_status":"open","sticky":false,"template":"","format":"standard","meta":{"_bbp_topic_count":0,"_bbp_reply_count":0,"_bbp_total_topic_count":0,"_bbp_total_reply_count":0,"_bbp_voice_count":0,"_bbp_anonymous_reply_count":0,"_bbp_topic_count_hidden":0,"_bbp_reply_count_hidden":0,"_bbp_forum_subforum_count":0,"footnotes":""},"categories":[61],"tags":[],"class_list":{"0":"post-387248","1":"post","2":"type-post","3":"status-publish","4":"format-standard","5":"has-post-thumbnail","7":"category-mundo"},"_links":{"self":[{"href":"https:\/\/primermomento.com\/index.php?rest_route=\/wp\/v2\/posts\/387248","targetHints":{"allow":["GET"]}}],"collection":[{"href":"https:\/\/primermomento.com\/index.php?rest_route=\/wp\/v2\/posts"}],"about":[{"href":"https:\/\/primermomento.com\/index.php?rest_route=\/wp\/v2\/types\/post"}],"author":[{"embeddable":true,"href":"https:\/\/primermomento.com\/index.php?rest_route=\/wp\/v2\/users\/1"}],"replies":[{"embeddable":true,"href":"https:\/\/primermomento.com\/index.php?rest_route=%2Fwp%2Fv2%2Fcomments&post=387248"}],"version-history":[{"count":1,"href":"https:\/\/primermomento.com\/index.php?rest_route=\/wp\/v2\/posts\/387248\/revisions"}],"predecessor-version":[{"id":387250,"href":"https:\/\/primermomento.com\/index.php?rest_route=\/wp\/v2\/posts\/387248\/revisions\/387250"}],"wp:featuredmedia":[{"embeddable":true,"href":"https:\/\/primermomento.com\/index.php?rest_route=\/wp\/v2\/media\/387249"}],"wp:attachment":[{"href":"https:\/\/primermomento.com\/index.php?rest_route=%2Fwp%2Fv2%2Fmedia&parent=387248"}],"wp:term":[{"taxonomy":"category","embeddable":true,"href":"https:\/\/primermomento.com\/index.php?rest_route=%2Fwp%2Fv2%2Fcategories&post=387248"},{"taxonomy":"post_tag","embeddable":true,"href":"https:\/\/primermomento.com\/index.php?rest_route=%2Fwp%2Fv2%2Ftags&post=387248"}],"curies":[{"name":"wp","href":"https:\/\/api.w.org\/{rel}","templated":true}]}}