{"id":387309,"date":"2023-05-14T15:41:19","date_gmt":"2023-05-14T19:41:19","guid":{"rendered":"https:\/\/primermomento.com\/?p=387309"},"modified":"2023-05-14T19:12:37","modified_gmt":"2023-05-14T23:12:37","slug":"gobierno-inaugura-anhelado-acueducto-de-monte-plata-a-un-costo-superior-a-los-rd250-millones-de-pesos","status":"publish","type":"post","link":"https:\/\/primermomento.com\/?p=387309","title":{"rendered":"Gobierno inaugura acueducto de Monte Plata a un costo de RD$250 millones"},"content":{"rendered":"\n<p class=\"wp-block-paragraph\">MONTE PLATA, Rep\u00fablica Dominicana.- El presidente de la Rep\u00fablica, Luis Abinader Corona y Wellington Arnaud, director ejecutivo del Instituto Nacional de Aguas Potables y Alcantarillados (INAPA), inauguraron la ampliaci\u00f3n y rehabilitaci\u00f3n de la planta potabilizadora del acueducto del municipio de&nbsp; Monte Plata, con un costo superior a los RD$250 millones.<\/p>\n\n\n\n<p class=\"wp-block-paragraph\">El sistema utiliza como fuente de abastecimiento el r\u00edo Comate y&nbsp; suplir\u00e1 a m\u00e1s de 50,000 habitantes del municipio cabecera de Monte Plata y zonas aleda\u00f1as.<\/p>\n\n\n\n<figure class=\"wp-block-image size-full\"><img loading=\"lazy\" decoding=\"async\" width=\"979\" height=\"571\" src=\"https:\/\/primermomento.com\/wp-content\/uploads\/2023\/05\/Inapa-acueducto-monte-plata.jpg\" alt=\"\" class=\"wp-image-387319\" srcset=\"https:\/\/primermomento.com\/wp-content\/uploads\/2023\/05\/Inapa-acueducto-monte-plata.jpg 979w, https:\/\/primermomento.com\/wp-content\/uploads\/2023\/05\/Inapa-acueducto-monte-plata-300x175.jpg 300w, https:\/\/primermomento.com\/wp-content\/uploads\/2023\/05\/Inapa-acueducto-monte-plata-768x448.jpg 768w, https:\/\/primermomento.com\/wp-content\/uploads\/2023\/05\/Inapa-acueducto-monte-plata-696x406.jpg 696w\" sizes=\"auto, (max-width: 979px) 100vw, 979px\" \/><\/figure>\n\n\n\n<p class=\"wp-block-paragraph\">El director ejecutivo del INAPA, Wellington Arnaud, afirm\u00f3 que con la puesta en servicio del sistema se cumple con la promesa del presidente Abinader de&nbsp; mejorar la calidad de vida de los habitantes de Monte Plata, quienes por muchos a\u00f1os demandaron el servicio de agua potable.<\/p>\n\n\n\n<p class=\"wp-block-paragraph\">El funcionario dijo que era contraproducente que una provincia rodeada de agua, la mayor\u00eda de las demarcaciones carec\u00edan del preciado l\u00edquido: \u201cNos encontramos con barrios donde nunca hab\u00eda llegado&nbsp; agua, sin embargo, ya despu\u00e9s de 20 a\u00f1os de espera disfrutan de un sistema con calidad, cantidad y presi\u00f3n\u201d.<\/p>\n\n\n\n<p class=\"wp-block-paragraph\">Arnaud al presentar&nbsp; las ejecuciones de las obras, destac\u00f3 el mejoramiento de la planta potabilizadora de 75 litros por segundo del Acueducto Monte Plata.<\/p>\n\n\n\n<p class=\"wp-block-paragraph\">Asimismo, el funcionario resalt\u00f3 la rehabilitaci\u00f3n de la planta potabilizadora de 130 litros por segundo e interconexi\u00f3n a dep\u00f3sito regulador de hormig\u00f3n armado, con una capacidad de 1,000,000 galones de agua potable.<\/p>\n\n\n\n<p class=\"wp-block-paragraph\">El proyecto cuenta, adem\u00e1s con una casa para operador, casa de qu\u00edmicos, unidad de cloraci\u00f3n, casa de generaci\u00f3n el\u00e9ctrica, casa de sopladores, as\u00ed como su verja perimetral debidamente iluminado y un sistema integrado de&nbsp; c\u00e1mara de seguridad.<\/p>\n\n\n\n<p class=\"wp-block-paragraph\">El director del INAPA indic\u00f3 que la instituci\u00f3n est\u00e1 llevando a cabo un amplio programa de colocaci\u00f3n de redes de distribuci\u00f3n, a los fines de garantizar el l\u00edquido a todos los hogares de esa demarcaci\u00f3n y zonas aleda\u00f1as.<\/p>\n","protected":false},"excerpt":{"rendered":"<p>MONTE PLATA, Rep\u00fablica Dominicana.- El presidente de la Rep\u00fablica, Luis Abinader Corona y Wellington Arnaud, director ejecutivo del Instituto Nacional de Aguas Potables y Alcantarillados (INAPA), inauguraron la ampliaci\u00f3n y rehabilitaci\u00f3n de la planta potabilizadora del acueducto del municipio de&nbsp; Monte Plata, con un costo superior a los RD$250 millones. El sistema utiliza como fuente [&hellip;]<\/p>\n","protected":false},"author":1,"featured_media":387310,"comment_status":"open","ping_status":"open","sticky":false,"template":"","format":"video","meta":{"_bbp_topic_count":0,"_bbp_reply_count":0,"_bbp_total_topic_count":0,"_bbp_total_reply_count":0,"_bbp_voice_count":0,"_bbp_anonymous_reply_count":0,"_bbp_topic_count_hidden":0,"_bbp_reply_count_hidden":0,"_bbp_forum_subforum_count":0,"footnotes":""},"categories":[32,106],"tags":[],"class_list":["post-387309","post","type-post","status-publish","format-video","has-post-thumbnail","category-lo-ultimo","category-video-news","post_format-post-format-video"],"_links":{"self":[{"href":"https:\/\/primermomento.com\/index.php?rest_route=\/wp\/v2\/posts\/387309","targetHints":{"allow":["GET"]}}],"collection":[{"href":"https:\/\/primermomento.com\/index.php?rest_route=\/wp\/v2\/posts"}],"about":[{"href":"https:\/\/primermomento.com\/index.php?rest_route=\/wp\/v2\/types\/post"}],"author":[{"embeddable":true,"href":"https:\/\/primermomento.com\/index.php?rest_route=\/wp\/v2\/users\/1"}],"replies":[{"embeddable":true,"href":"https:\/\/primermomento.com\/index.php?rest_route=%2Fwp%2Fv2%2Fcomments&post=387309"}],"version-history":[{"count":5,"href":"https:\/\/primermomento.com\/index.php?rest_route=\/wp\/v2\/posts\/387309\/revisions"}],"predecessor-version":[{"id":387333,"href":"https:\/\/primermomento.com\/index.php?rest_route=\/wp\/v2\/posts\/387309\/revisions\/387333"}],"wp:featuredmedia":[{"embeddable":true,"href":"https:\/\/primermomento.com\/index.php?rest_route=\/wp\/v2\/media\/387310"}],"wp:attachment":[{"href":"https:\/\/primermomento.com\/index.php?rest_route=%2Fwp%2Fv2%2Fmedia&parent=387309"}],"wp:term":[{"taxonomy":"category","embeddable":true,"href":"https:\/\/primermomento.com\/index.php?rest_route=%2Fwp%2Fv2%2Fcategories&post=387309"},{"taxonomy":"post_tag","embeddable":true,"href":"https:\/\/primermomento.com\/index.php?rest_route=%2Fwp%2Fv2%2Ftags&post=387309"}],"curies":[{"name":"wp","href":"https:\/\/api.w.org\/{rel}","templated":true}]}}