{"id":387326,"date":"2023-05-14T18:51:41","date_gmt":"2023-05-14T22:51:41","guid":{"rendered":"https:\/\/primermomento.com\/?p=387326"},"modified":"2023-05-14T18:52:42","modified_gmt":"2023-05-14T22:52:42","slug":"presidente-abinader-inaugura-carretera-chirino-monte-plata","status":"publish","type":"post","link":"https:\/\/primermomento.com\/?p=387326","title":{"rendered":"Presidente Abinader inaugura carretera Chirino-Monte Plata"},"content":{"rendered":"\n<p class=\"wp-block-paragraph\">MONTE PLATA, Rep\u00fablica Dominicana.- El presidente Luis Abinader dej\u00f3 inaugurada este domingo la carretera Chirino-Monte Plata, construida con una inversi\u00f3n que supera los RD 400 millones y tiene una extensi\u00f3n de 13 kil\u00f3metros.<\/p>\n\n\n\n<p class=\"wp-block-paragraph\">Con esta inauguraci\u00f3n, el presidente Abinader dio respuesta a m\u00e1s de 40 a\u00f1os de reclamo por los habitantes de toda la zona circundante.<\/p>\n\n\n\n<p class=\"wp-block-paragraph\">Asimismo, inaugur\u00f3 la ampliaci\u00f3n del acueducto de Monte Plata con una inversi\u00f3n de RD 250 millones y un Centro de Atenci\u00f3n Integral a la Primera Infancia (CAIPI), con RD 64.9 millones.<\/p>\n\n\n<div class=\"wp-block-image\">\n<figure class=\"aligncenter size-full\"><img loading=\"lazy\" decoding=\"async\" width=\"858\" height=\"483\" src=\"https:\/\/primermomento.com\/wp-content\/uploads\/2023\/05\/abinader-inaugura-carretera-en-monte-plata-1.jpg\" alt=\"\" class=\"wp-image-387329\" srcset=\"https:\/\/primermomento.com\/wp-content\/uploads\/2023\/05\/abinader-inaugura-carretera-en-monte-plata-1.jpg 858w, https:\/\/primermomento.com\/wp-content\/uploads\/2023\/05\/abinader-inaugura-carretera-en-monte-plata-1-300x169.jpg 300w, https:\/\/primermomento.com\/wp-content\/uploads\/2023\/05\/abinader-inaugura-carretera-en-monte-plata-1-768x432.jpg 768w, https:\/\/primermomento.com\/wp-content\/uploads\/2023\/05\/abinader-inaugura-carretera-en-monte-plata-1-696x392.jpg 696w\" sizes=\"auto, (max-width: 858px) 100vw, 858px\" \/><\/figure>\n<\/div>\n\n\n<p class=\"wp-block-paragraph\">Al pronunciar unas breves palabras, el mandatario manifest\u00f3 que ning\u00fan gobierno ha invertido en Monte Plata como este en t\u00e9rminos viales y destac\u00f3 que con esta nueva carretera, lo que se hac\u00eda en 40 minutos se va a hacer en 20 minutos.<\/p>\n\n\n\n<p class=\"wp-block-paragraph\">Entre otras obras para beneficio de esta demarcaci\u00f3n, agreg\u00f3 que \u201cen unos meses vamos a abrir una extensi\u00f3n de la Universidad Aut\u00f3noma de Santo Domingo (UASD); por lo tanto, los j\u00f3venes van a tener aqu\u00ed un minib\u00fas para que puedan ir a la UASD y al Instituto Tecnol\u00f3gico de las Am\u00e9ricas (ITLA) en noviembre, si se siguen todos los procesos para que los j\u00f3venes puedan educarse a la m\u00e1s alta tecnolog\u00eda\u00bb.<\/p>\n\n\n\n<p class=\"wp-block-paragraph\">De su lado, el ministro de Obras P\u00fablicas, Deligne Ascensi\u00f3n, al referirse a la carretera Chirino-Monte Plata, expres\u00f3 que \u201cese anhelo desesperado de la poblaci\u00f3n por tener una ruta de conexi\u00f3n adecuada, se fundamenta en el impacto que tiene para el desarrollo de la producci\u00f3n local de cientos de agricultores de cacao, palma africana, v\u00edveres diversos, chinola, y de los productores que poseen una vasta ganader\u00eda de leche y carne, as\u00ed como de una enorme cantidad de comerciantes\u201d.<\/p>\n\n\n\n<p class=\"wp-block-paragraph\">Precis\u00f3 que algunos parajes de Chirino estaban incomunicados con los lugares m\u00e1s productivos de la zona por lo que no pod\u00edan trasladar sus productos a Monte Plata o la capital ni tampoco a las regiones del Nordeste y Este del pa\u00eds.<\/p>\n\n\n\n<p class=\"wp-block-paragraph\">Esta v\u00eda es parte de los proyectos de rehabilitaci\u00f3n de las rutas de transporte de la producci\u00f3n agr\u00edcola regional.<\/p>\n\n\n\n<p class=\"wp-block-paragraph\">\u201cNuestro plan de conectividad regional avanza de manera indetenible en toda esta productiva y extensa llanura, transformando la calidad de vida a m\u00e1s de 240,000 habitantes de la provincia y mejorando la productividad y el acceso a los grandes mercados para miles de productores agr\u00edcolas, agroindustriales, ganaderos, comerciantes y gente humilde y de bien en toda la regi\u00f3n\u201d, puntualiz\u00f3 Ascenci\u00f3n.<\/p>\n\n\n\n<p class=\"wp-block-paragraph\"><strong>Comunitarios agradecen culminaci\u00f3n de obra<\/strong><\/p>\n\n\n\n<p class=\"wp-block-paragraph\">El padre Juli\u00e1n De la Cruz, al bendecir el acto, felicit\u00f3 al mandatario por cumplir el reclamo que durante a\u00f1os hab\u00edan realizado los residentes de Chirino.<\/p>\n\n\n\n<p class=\"wp-block-paragraph\">\u201cMe siento contento y orgulloso porque ahora Chirino no es una finca como yo la ve\u00eda antes, no es un monte, ya es un pueblo, ya es un distrito municipal y eso me llena de alegr\u00eda y entusiasmo. Se\u00f1or presidente, recuerdo cuando est\u00e1bamos en la reuni\u00f3n de los sacerdotes en Santo Domingo Este; usted prometi\u00f3 un cambio y el cambio se va sintiendo\u00bb.<\/p>\n\n\n\n<p class=\"wp-block-paragraph\">En nombre de la comunidad as\u00ed habl\u00f3 la joven Noem\u00ed Rudecindo: \u201cel pueblo de Chirino est\u00e1 m\u00e1s que agradecido, primero con Dios por escuchar sus plegarias para ver llegar el desarrollo a esta comunidad y la construcci\u00f3n de esta carretera; sin lugar a dudas es el comienzo, agradecida de que el se\u00f1or presidente Luis Abinader en su excelente gesti\u00f3n pagara la deuda que acumularon los anteriores gobiernos por m\u00e1s de 40 a\u00f1os con este pueblo, haci\u00e9ndose los sordos y los ciegos ante las luchas sociales\u00bb.<\/p>\n\n\n\n<p class=\"wp-block-paragraph\">La joven dijo sentirse honrada de \u201cser portavoz de la mujer, de la juventud y de todos los mun\u00edcipes de Chirino para decirle gracias, se\u00f1or presidente, Chirino ya est\u00e1 cambiando\u00bb.<\/p>\n\n\n\n<p class=\"wp-block-paragraph\"><strong>M\u00e1s conectividad para Monte Plata<\/strong><\/p>\n\n\n\n<p class=\"wp-block-paragraph\">Deligne Ascensi\u00f3n destac\u00f3 que la gesti\u00f3n de gobierno del presidente Abinader, a trav\u00e9s del MOPC desarrolla en esta provincia un conjunto de obras viales para mejorar su conectividad.<\/p>\n\n\n\n<p class=\"wp-block-paragraph\">Entre ellas refiri\u00f3 las carreteras Guerra-Bayaguana, Sabana Grande de Boy\u00e1-Batey Verde-autopista Juan Pablo II; Hacienda Estrella-Monte Plata, y Bayaguana-El Puerto.<\/p>\n\n\n\n<p class=\"wp-block-paragraph\">Tambi\u00e9n, el camino La Ceiba-Cruce de La Ceiba-Chirino, la conexi\u00f3n de la autopista Juan Pablo II con el municipio de Bayaguana, los caminos vecinales El Dean-Don Juan, La Dole-Batey Los Lanos, Dajao-Platanal con puente sobre el r\u00edo Yabi, as\u00ed como varios puentes en Peralvillo, La Gina, Arroyo Naranjo, Yamas\u00e1 y otras localidades que han sido recientemente licitados y adjudicados.<\/p>\n","protected":false},"excerpt":{"rendered":"<p>MONTE PLATA, Rep\u00fablica Dominicana.- El presidente Luis Abinader dej\u00f3 inaugurada este domingo la carretera Chirino-Monte Plata, construida con una inversi\u00f3n que supera los RD 400 millones y tiene una extensi\u00f3n de 13 kil\u00f3metros. Con esta inauguraci\u00f3n, el presidente Abinader dio respuesta a m\u00e1s de 40 a\u00f1os de reclamo por los habitantes de toda la zona [&hellip;]<\/p>\n","protected":false},"author":1,"featured_media":387327,"comment_status":"open","ping_status":"open","sticky":false,"template":"","format":"video","meta":{"_bbp_topic_count":0,"_bbp_reply_count":0,"_bbp_total_topic_count":0,"_bbp_total_reply_count":0,"_bbp_voice_count":0,"_bbp_anonymous_reply_count":0,"_bbp_topic_count_hidden":0,"_bbp_reply_count_hidden":0,"_bbp_forum_subforum_count":0,"footnotes":""},"categories":[30,106],"tags":[],"class_list":["post-387326","post","type-post","status-publish","format-video","has-post-thumbnail","category-actualidad","category-video-news","post_format-post-format-video"],"_links":{"self":[{"href":"https:\/\/primermomento.com\/index.php?rest_route=\/wp\/v2\/posts\/387326","targetHints":{"allow":["GET"]}}],"collection":[{"href":"https:\/\/primermomento.com\/index.php?rest_route=\/wp\/v2\/posts"}],"about":[{"href":"https:\/\/primermomento.com\/index.php?rest_route=\/wp\/v2\/types\/post"}],"author":[{"embeddable":true,"href":"https:\/\/primermomento.com\/index.php?rest_route=\/wp\/v2\/users\/1"}],"replies":[{"embeddable":true,"href":"https:\/\/primermomento.com\/index.php?rest_route=%2Fwp%2Fv2%2Fcomments&post=387326"}],"version-history":[{"count":2,"href":"https:\/\/primermomento.com\/index.php?rest_route=\/wp\/v2\/posts\/387326\/revisions"}],"predecessor-version":[{"id":387331,"href":"https:\/\/primermomento.com\/index.php?rest_route=\/wp\/v2\/posts\/387326\/revisions\/387331"}],"wp:featuredmedia":[{"embeddable":true,"href":"https:\/\/primermomento.com\/index.php?rest_route=\/wp\/v2\/media\/387327"}],"wp:attachment":[{"href":"https:\/\/primermomento.com\/index.php?rest_route=%2Fwp%2Fv2%2Fmedia&parent=387326"}],"wp:term":[{"taxonomy":"category","embeddable":true,"href":"https:\/\/primermomento.com\/index.php?rest_route=%2Fwp%2Fv2%2Fcategories&post=387326"},{"taxonomy":"post_tag","embeddable":true,"href":"https:\/\/primermomento.com\/index.php?rest_route=%2Fwp%2Fv2%2Ftags&post=387326"}],"curies":[{"name":"wp","href":"https:\/\/api.w.org\/{rel}","templated":true}]}}