{"id":387368,"date":"2023-05-15T07:10:09","date_gmt":"2023-05-15T11:10:09","guid":{"rendered":"https:\/\/primermomento.com\/?p=387368"},"modified":"2023-05-15T11:38:48","modified_gmt":"2023-05-15T15:38:48","slug":"banl-joven-banileja-busca-la-corona-miss-republica-dominicana-petite-2023","status":"publish","type":"post","link":"https:\/\/primermomento.com\/?p=387368","title":{"rendered":"BAN\u013a | Joven banileja tras la corona Miss Rep\u00fablica Dominicana Petite 2023"},"content":{"rendered":"\n<p class=\"wp-block-paragraph\">SANTO DOMINGO, Rep\u00fablica Dominicana.- Gray Taveras, estudiante de t\u00e9rmino de Psicolog\u00eda Cl\u00ednica, representar\u00e1 a la provincia Peravia, en la carrera de coronarse como la nueva Miss Rep\u00fablica Dominicana Petite 2023.<\/p>\n\n\n\n<p class=\"wp-block-paragraph\">La beldad de 21 a\u00f1os, y voluntaria de diversas organizaciones ben\u00e9ficas y hospitalarias, como: Casa Amor, Hogar El Faro, hospital Robert Reid Cabral, hospital 20-30, Techo RD, entre otras, manifest\u00f3 que ser seleccionada como la representante del pa\u00eds en el certamen que resalta la inteligencia, elocuencia y belleza de las candidatas, ser\u00eda una gran oportunidad para continuar brindando apoyo a la primera infancia a una escala mayor.<\/p>\n\n\n<div class=\"wp-block-image\">\n<figure class=\"aligncenter size-full\"><img loading=\"lazy\" decoding=\"async\" width=\"546\" height=\"575\" src=\"https:\/\/primermomento.com\/wp-content\/uploads\/2023\/05\/Gray-Taveras1.jpg\" alt=\"\" class=\"wp-image-387370\" srcset=\"https:\/\/primermomento.com\/wp-content\/uploads\/2023\/05\/Gray-Taveras1.jpg 546w, https:\/\/primermomento.com\/wp-content\/uploads\/2023\/05\/Gray-Taveras1-285x300.jpg 285w\" sizes=\"auto, (max-width: 546px) 100vw, 546px\" \/><\/figure>\n<\/div>\n\n\n<p class=\"has-text-align-center wp-block-paragraph\"><em>Gray Taveras<\/em><\/p>\n\n\n\n<p class=\"wp-block-paragraph\">\u201cGanar el concurso ser\u00eda una muestra de responsabilidad, paciencia e integridad. Mi objetivo ser\u00e1 mantenerme en completo compromiso con nuestra sociedad, en especial con la primera infancia, siendo apoyo para ellos\u201d, expres\u00f3.&nbsp;<\/p>\n\n\n\n<p class=\"wp-block-paragraph\">Taveras quien es locutora, maestra de pasarela en Prestige Academic y miembro del equipo de voleibol de la universidad a la cual pertenece, as\u00ed como de otros clubes deportivos, competir\u00e1 por el referido t\u00edtulo el pr\u00f3ximo s\u00e1bado 20 de mayo, a las 7:00 pm, y ser\u00e1 transmitido por el canal 4.<\/p>\n","protected":false},"excerpt":{"rendered":"<p>SANTO DOMINGO, Rep\u00fablica Dominicana.- Gray Taveras, estudiante de t\u00e9rmino de Psicolog\u00eda Cl\u00ednica, representar\u00e1 a la provincia Peravia, en la carrera de coronarse como la nueva Miss Rep\u00fablica Dominicana Petite 2023. La beldad de 21 a\u00f1os, y voluntaria de diversas organizaciones ben\u00e9ficas y hospitalarias, como: Casa Amor, Hogar El Faro, hospital Robert Reid Cabral, hospital 20-30, [&hellip;]<\/p>\n","protected":false},"author":1,"featured_media":387369,"comment_status":"open","ping_status":"open","sticky":false,"template":"","format":"standard","meta":{"_bbp_topic_count":0,"_bbp_reply_count":0,"_bbp_total_topic_count":0,"_bbp_total_reply_count":0,"_bbp_voice_count":0,"_bbp_anonymous_reply_count":0,"_bbp_topic_count_hidden":0,"_bbp_reply_count_hidden":0,"_bbp_forum_subforum_count":0,"footnotes":""},"categories":[39],"tags":[],"class_list":["post-387368","post","type-post","status-publish","format-standard","has-post-thumbnail","category-entretenimiento"],"_links":{"self":[{"href":"https:\/\/primermomento.com\/index.php?rest_route=\/wp\/v2\/posts\/387368","targetHints":{"allow":["GET"]}}],"collection":[{"href":"https:\/\/primermomento.com\/index.php?rest_route=\/wp\/v2\/posts"}],"about":[{"href":"https:\/\/primermomento.com\/index.php?rest_route=\/wp\/v2\/types\/post"}],"author":[{"embeddable":true,"href":"https:\/\/primermomento.com\/index.php?rest_route=\/wp\/v2\/users\/1"}],"replies":[{"embeddable":true,"href":"https:\/\/primermomento.com\/index.php?rest_route=%2Fwp%2Fv2%2Fcomments&post=387368"}],"version-history":[{"count":3,"href":"https:\/\/primermomento.com\/index.php?rest_route=\/wp\/v2\/posts\/387368\/revisions"}],"predecessor-version":[{"id":387392,"href":"https:\/\/primermomento.com\/index.php?rest_route=\/wp\/v2\/posts\/387368\/revisions\/387392"}],"wp:featuredmedia":[{"embeddable":true,"href":"https:\/\/primermomento.com\/index.php?rest_route=\/wp\/v2\/media\/387369"}],"wp:attachment":[{"href":"https:\/\/primermomento.com\/index.php?rest_route=%2Fwp%2Fv2%2Fmedia&parent=387368"}],"wp:term":[{"taxonomy":"category","embeddable":true,"href":"https:\/\/primermomento.com\/index.php?rest_route=%2Fwp%2Fv2%2Fcategories&post=387368"},{"taxonomy":"post_tag","embeddable":true,"href":"https:\/\/primermomento.com\/index.php?rest_route=%2Fwp%2Fv2%2Ftags&post=387368"}],"curies":[{"name":"wp","href":"https:\/\/api.w.org\/{rel}","templated":true}]}}