{"id":387540,"date":"2023-05-17T05:08:00","date_gmt":"2023-05-17T09:08:00","guid":{"rendered":"https:\/\/primermomento.com\/?p=387540"},"modified":"2023-05-17T07:12:35","modified_gmt":"2023-05-17T11:12:35","slug":"tenor-placido-domingo-por-tocar-el-corazon-de-los-salvadorenos","status":"publish","type":"post","link":"https:\/\/primermomento.com\/?p=387540","title":{"rendered":"Tenor Pl\u00e1cido Domingo por tocar el coraz\u00f3n de los salvadore\u00f1os"},"content":{"rendered":"\n<p class=\"wp-block-paragraph\">SAN SALVADOR, El Salvador.- El tenor espa\u00f1ol Pl\u00e1cido Domingo acompa\u00f1ado por un grupo de grandes artistas se presentar\u00e1 hoy en El Salvador en un esperado concierto.<\/p>\n\n\n\n<p class=\"wp-block-paragraph\">A sus 82 a\u00f1os, el gran tenor espa\u00f1ol que en alg\u00fan momento de su carrera se junt\u00f3 con el tambi\u00e9n espa\u00f1ol, Jos\u00e9 Carreras, y el italiano Luciano Pavarotti, (Los Tres Tenores), ofrecer\u00e1 su arte acompa\u00f1ado del Mariachi Juvenil de Tecalitl\u00e1n y otros grandes artistas como la soprano uruguaya Mar\u00eda Jos\u00e9 Siri, y el pianista y director de orquesta estadounidense Eugene Kohn.<\/p>\n\n\n\n<p class=\"wp-block-paragraph\">El espa\u00f1ol es un cantante, director de orquesta, productor y compositor con una extensa obra que recre\u00f3 en los m\u00e1s prestigiosos escenarios, incluso en eventos deportivos como la Olimpiada de Barcelona.<\/p>\n\n\n\n<p class=\"wp-block-paragraph\">Famoso por su antol\u00f3gico tr\u00edo \u201cLos tres tenores\u201d, junto al tambi\u00e9n espa\u00f1ol Jos\u00e9 Carreras y al italiano Luciano Pavarotti (fallecido).<\/p>\n\n\n\n<p class=\"wp-block-paragraph\">Ser\u00e1 un concierto \u00fanico e inolvidable manifestaron en estos d\u00edas m\u00fasicos y cronistas de las artes durante los preparativos y ensayos con la Orquesta Sinf\u00f3nica de El Salvador, y figuras como la uruguaya Siri, con quien har\u00e1 d\u00fao.<\/p>\n\n\n\n<p class=\"wp-block-paragraph\">El Mariachi Juvenil de Tecalitl\u00e1n que tambi\u00e9n lo acompa\u00f1ar\u00e1 tiene un bien cimentado prestigio obtenido en escenarios de Francia, Espa\u00f1a y Estados Unidos, y recibi\u00f3 diferentes reconocimientos dentro y fuera de M\u00e9xico.<\/p>\n\n\n\n<p class=\"wp-block-paragraph\">Domingo \u201ccomo tenor y bar\u00edtono cuenta con un repertorio que supera 150 papeles y suma m\u00e1s de cuatro mil actuaciones; pero, adem\u00e1s, es director de orquesta [\u2026] Ha estado presente en los escenarios m\u00e1s importantes del mundo y esta vez seremos honrados con su presencia aqu\u00ed en el pa\u00eds\u201d, expres\u00f3 la ministra de Cultura Mariemm Pleitez.<\/p>\n\n\n\n<p class=\"wp-block-paragraph\">Trascendidos indican que la presentaci\u00f3n contar\u00e1 con temas de \u00f3pera cl\u00e1sica, m\u00fasica popular, grandes \u00e9xitos y algunas sorpresas.<\/p>\n\n\n\n<p class=\"wp-block-paragraph\">De acuerdo con el director nacional de Artes, Salvador V\u00e1squez (quien es el responsable del grupo orquestal salvadore\u00f1o), los m\u00fasicos nacionales \u00abest\u00e1n muy emocionados\u00bb de acompa\u00f1ar al maestro espa\u00f1ol.<\/p>\n\n\n\n<p class=\"wp-block-paragraph\">V\u00e1squez inform\u00f3 que el cuerpo orquestal salvadore\u00f1o ensaya 24 piezas musicales para el espect\u00e1culo y se prev\u00e9 que toda la velada art\u00edstica de este mi\u00e9rcoles dure aproximadamente dos y media horas, aunque puede ser mucho m\u00e1s tiempo.<\/p>\n\n\n\n<p class=\"wp-block-paragraph\">Seg\u00fan comentario de medios especializados, los que asistan a la presentaci\u00f3n de esta noche se llevar\u00e1n una \u201cexperiencia inolvidable y lo mejor del mundo\u201d.<\/p>\n\n\n\n<p class=\"wp-block-paragraph\">Debido a la gran trayectoria de Pl\u00e1cido Domingo, las autoridades del ministerio de Cultura y los representantes de Producciones Roma han calificado el recital como una producci\u00f3n hist\u00f3rica.<\/p>\n\n\n\n<p class=\"has-text-align-right wp-block-paragraph\"><em>PL<\/em><\/p>\n","protected":false},"excerpt":{"rendered":"<p>SAN SALVADOR, El Salvador.- El tenor espa\u00f1ol Pl\u00e1cido Domingo acompa\u00f1ado por un grupo de grandes artistas se presentar\u00e1 hoy en El Salvador en un esperado concierto. A sus 82 a\u00f1os, el gran tenor espa\u00f1ol que en alg\u00fan momento de su carrera se junt\u00f3 con el tambi\u00e9n espa\u00f1ol, Jos\u00e9 Carreras, y el italiano Luciano Pavarotti, (Los [&hellip;]<\/p>\n","protected":false},"author":1,"featured_media":387541,"comment_status":"open","ping_status":"open","sticky":false,"template":"","format":"standard","meta":{"_bbp_topic_count":0,"_bbp_reply_count":0,"_bbp_total_topic_count":0,"_bbp_total_reply_count":0,"_bbp_voice_count":0,"_bbp_anonymous_reply_count":0,"_bbp_topic_count_hidden":0,"_bbp_reply_count_hidden":0,"_bbp_forum_subforum_count":0,"footnotes":""},"categories":[39],"tags":[],"class_list":["post-387540","post","type-post","status-publish","format-standard","has-post-thumbnail","category-entretenimiento"],"_links":{"self":[{"href":"https:\/\/primermomento.com\/index.php?rest_route=\/wp\/v2\/posts\/387540","targetHints":{"allow":["GET"]}}],"collection":[{"href":"https:\/\/primermomento.com\/index.php?rest_route=\/wp\/v2\/posts"}],"about":[{"href":"https:\/\/primermomento.com\/index.php?rest_route=\/wp\/v2\/types\/post"}],"author":[{"embeddable":true,"href":"https:\/\/primermomento.com\/index.php?rest_route=\/wp\/v2\/users\/1"}],"replies":[{"embeddable":true,"href":"https:\/\/primermomento.com\/index.php?rest_route=%2Fwp%2Fv2%2Fcomments&post=387540"}],"version-history":[{"count":1,"href":"https:\/\/primermomento.com\/index.php?rest_route=\/wp\/v2\/posts\/387540\/revisions"}],"predecessor-version":[{"id":387542,"href":"https:\/\/primermomento.com\/index.php?rest_route=\/wp\/v2\/posts\/387540\/revisions\/387542"}],"wp:featuredmedia":[{"embeddable":true,"href":"https:\/\/primermomento.com\/index.php?rest_route=\/wp\/v2\/media\/387541"}],"wp:attachment":[{"href":"https:\/\/primermomento.com\/index.php?rest_route=%2Fwp%2Fv2%2Fmedia&parent=387540"}],"wp:term":[{"taxonomy":"category","embeddable":true,"href":"https:\/\/primermomento.com\/index.php?rest_route=%2Fwp%2Fv2%2Fcategories&post=387540"},{"taxonomy":"post_tag","embeddable":true,"href":"https:\/\/primermomento.com\/index.php?rest_route=%2Fwp%2Fv2%2Ftags&post=387540"}],"curies":[{"name":"wp","href":"https:\/\/api.w.org\/{rel}","templated":true}]}}