{"id":387543,"date":"2023-05-17T07:19:47","date_gmt":"2023-05-17T11:19:47","guid":{"rendered":"https:\/\/primermomento.com\/?p=387543"},"modified":"2023-05-17T07:19:48","modified_gmt":"2023-05-17T11:19:48","slug":"biden-viajara-a-japon-pero-cancela-visitas-a-oceania","status":"publish","type":"post","link":"https:\/\/primermomento.com\/?p=387543","title":{"rendered":"Biden viajar\u00e1 a Jap\u00f3n, pero cancela visitas a Ocean\u00eda"},"content":{"rendered":"\n<p class=\"wp-block-paragraph\">WASHINGTON, EEUU.- Los desacuerdos en el Congreso sobre la deuda federal obligaron al presidente de Estados Unidos, Joe Biden, a cancelar su visita a Ocean\u00eda, pero s\u00ed viajar\u00e1 hoy a Jap\u00f3n para asistir a la Cumbre del G-7.<\/p>\n\n\n\n<p class=\"wp-block-paragraph\">Tras una reuni\u00f3n efectuada la v\u00edspera en la Casa Blanca, el gobernante y los principales l\u00edderes de ambas c\u00e1maras del legislativo expresaron m\u00e1s optimismo sobre un camino para abordar el l\u00edmite de endeudamiento de la naci\u00f3n, pero admitieron que las partes a\u00fan est\u00e1n muy alejadas en lo que respecta a un acuerdo.<\/p>\n\n\n\n<p class=\"wp-block-paragraph\">\u201cCreo que preparamos el escenario para continuar las conversaciones. El presidente accedi\u00f3 a designar a un par de personas de su administraci\u00f3n para que se sentaran y negociaran directamente con mi equipo, lo que me pareci\u00f3 productivo\u201d, declar\u00f3 a la prensa el presidente de la C\u00e1mara de Representantes, Kevin McCarthy.<\/p>\n\n\n\n<p class=\"wp-block-paragraph\">El mandatario, por su parte, tambi\u00e9n calific\u00f3 la reuni\u00f3n de \u201cproductiva\u201d, pero dijo que a\u00fan queda trabajo por hacer para asegurarse de que Estados Unidos evite el incumplimiento del pago de su deuda, acorde con un reporte del Servicio de Radiodifusi\u00f3n P\u00fablica.<\/p>\n\n\n\n<p class=\"wp-block-paragraph\">Las diferencias de pol\u00edtica entre los partidos no deber\u00edan impedir que el Congreso evite el impago, expres\u00f3, y agreg\u00f3 que los l\u00edderes hablar\u00e1n regularmente durante los pr\u00f3ximos d\u00edas, mientras el personal designado para las conversaciones se reunir\u00e1 a diario.<\/p>\n\n\n\n<p class=\"wp-block-paragraph\">Las discrepancias entre dem\u00f3cratas y republicanos del poder legislativo provocaron un estancamiento en las pl\u00e1ticas sobre el techo de la deuda, hoy en 31,4 billones (un mill\u00f3n de millones) de d\u00f3lares, mientras la secretaria del Departamento del Tesoro, Janet Yellen, asegura que la naci\u00f3n podr\u00eda verse impedido de honrar sus compromisos a partir del venidero 1 de junio.<\/p>\n\n\n\n<p class=\"wp-block-paragraph\">Biden tiene previsto partir esta jornada a la cumbre del Grupo de los Siete (G-7) que tiene por sede desde el 19 y hasta el 21 de mayo a Hiroshima, Jap\u00f3n, para reunirse con los representantes del bloque compuesto adem\u00e1s de por su naci\u00f3n y el pa\u00eds anfitri\u00f3n, por Reino Unido, Francia, Alemania, Canad\u00e1 e Italia.<\/p>\n\n\n\n<p class=\"wp-block-paragraph\">Luego viajar\u00eda a S\u00eddney, donde conversar\u00eda con los dignatarios de Australia, Jap\u00f3n e India, y hab\u00eda planeado hacer una parada en Papua Nueva Guinea para entrevistarse con los l\u00edderes de las naciones insulares del Pac\u00edfico. Pero, ante la situaci\u00f3n con el techo de la deuda, cancel\u00f3 la segunda mitad de su viaje y decidi\u00f3 regresar a Washington el domingo. \u201cPospongo la parte australiana del viaje y mi escala en Papua Nueva Guinea para regresar a las negociaciones finales con los l\u00edderes del Congreso\u201d, revel\u00f3 el gobernante ayer despu\u00e9s del encuentro con los congresistas estadounidenses.<\/p>\n\n\n\n<p class=\"wp-block-paragraph\">La disputa en torno al incremento de la deuda se debe a que la Casa Blanca ha insistido en que la administraci\u00f3n no aceptar\u00eda de los republicanos, con mayor\u00eda en la C\u00e1mara Baja, un proyecto de ley condicionado al recorte de programas de beneficio social.<\/p>\n\n\n\n<p class=\"has-text-align-right wp-block-paragraph\"><em>PL<\/em><\/p>\n","protected":false},"excerpt":{"rendered":"<p>WASHINGTON, EEUU.- Los desacuerdos en el Congreso sobre la deuda federal obligaron al presidente de Estados Unidos, Joe Biden, a cancelar su visita a Ocean\u00eda, pero s\u00ed viajar\u00e1 hoy a Jap\u00f3n para asistir a la Cumbre del G-7. Tras una reuni\u00f3n efectuada la v\u00edspera en la Casa Blanca, el gobernante y los principales l\u00edderes de [&hellip;]<\/p>\n","protected":false},"author":1,"featured_media":387544,"comment_status":"open","ping_status":"open","sticky":false,"template":"","format":"video","meta":{"_bbp_topic_count":0,"_bbp_reply_count":0,"_bbp_total_topic_count":0,"_bbp_total_reply_count":0,"_bbp_voice_count":0,"_bbp_anonymous_reply_count":0,"_bbp_topic_count_hidden":0,"_bbp_reply_count_hidden":0,"_bbp_forum_subforum_count":0,"footnotes":""},"categories":[61,106],"tags":[],"class_list":["post-387543","post","type-post","status-publish","format-video","has-post-thumbnail","category-mundo","category-video-news","post_format-post-format-video"],"_links":{"self":[{"href":"https:\/\/primermomento.com\/index.php?rest_route=\/wp\/v2\/posts\/387543","targetHints":{"allow":["GET"]}}],"collection":[{"href":"https:\/\/primermomento.com\/index.php?rest_route=\/wp\/v2\/posts"}],"about":[{"href":"https:\/\/primermomento.com\/index.php?rest_route=\/wp\/v2\/types\/post"}],"author":[{"embeddable":true,"href":"https:\/\/primermomento.com\/index.php?rest_route=\/wp\/v2\/users\/1"}],"replies":[{"embeddable":true,"href":"https:\/\/primermomento.com\/index.php?rest_route=%2Fwp%2Fv2%2Fcomments&post=387543"}],"version-history":[{"count":1,"href":"https:\/\/primermomento.com\/index.php?rest_route=\/wp\/v2\/posts\/387543\/revisions"}],"predecessor-version":[{"id":387545,"href":"https:\/\/primermomento.com\/index.php?rest_route=\/wp\/v2\/posts\/387543\/revisions\/387545"}],"wp:featuredmedia":[{"embeddable":true,"href":"https:\/\/primermomento.com\/index.php?rest_route=\/wp\/v2\/media\/387544"}],"wp:attachment":[{"href":"https:\/\/primermomento.com\/index.php?rest_route=%2Fwp%2Fv2%2Fmedia&parent=387543"}],"wp:term":[{"taxonomy":"category","embeddable":true,"href":"https:\/\/primermomento.com\/index.php?rest_route=%2Fwp%2Fv2%2Fcategories&post=387543"},{"taxonomy":"post_tag","embeddable":true,"href":"https:\/\/primermomento.com\/index.php?rest_route=%2Fwp%2Fv2%2Ftags&post=387543"}],"curies":[{"name":"wp","href":"https:\/\/api.w.org\/{rel}","templated":true}]}}