{"id":387585,"date":"2023-05-17T09:39:00","date_gmt":"2023-05-17T13:39:00","guid":{"rendered":"https:\/\/primermomento.com\/?p=387585"},"modified":"2023-05-17T16:44:34","modified_gmt":"2023-05-17T20:44:34","slug":"rafaela-cine-de-calidad-y-alta-dificultad-analizada-en-centro-cultural-banreservas","status":"publish","type":"post","link":"https:\/\/primermomento.com\/?p=387585","title":{"rendered":"Rafaela, cine de calidad y alta dificultad, analizada en Centro Cultural\u00a0Banreservas"},"content":{"rendered":"\n<ul class=\"wp-block-list\">\n<li><strong>La pel\u00edcula resume invisibles hero\u00edsmos art\u00edsticos y la\u00a0voluntad inquebrantable de sus creadores\u00a0ante dificultades extremas, como\u00a0triunfo de la voluntad de hacer un cine cuando todas las puertas se cierran.<\/strong><\/li>\n<\/ul>\n\n\n\n<p class=\"wp-block-paragraph\">SANTO DOMINGO, Rep\u00fablica Dominicana.- El proceso de lograr el drama Rafaela pas\u00f3 por etapas en la cuales se lleg\u00f3 a pensar que no ser\u00eda posible hacerla, por las dificultades, algunas de ellas aparentemente infranqueables, como la econ\u00f3mica y los prejuicios sociales contra un barrio marginado, revel\u00f3 en un panel sobre la cinta, la creadora del concepto, la actriz Judith Rodr\u00edguez.<\/p>\n\n\n\n<p class=\"wp-block-paragraph\">Poca gente imagina el desarrollo del proceso para realizar el drama urbano\/marginal Rafaela, necesitado de once a\u00f1os en total, entrega art\u00edstica, empresarial y t\u00e9cnica, para entregar a la cinematograf\u00eda dominicana.<\/p>\n\n\n\n<p class=\"wp-block-paragraph\">Tras la proyecci\u00f3n de Rafaela en Centro Cultural Banreservas,\u2014 ya antes presentada como parte del II Ciclo de Cine Dominicano- , la cinta resulta mucho m\u00e1s admirable, m\u00e1s all\u00e1 de sus premios y reconocimientos, los m\u00e1s recientes de los cuales fueron los seis premios La Silla 2023, que obtuvo por la votaci\u00f3n de los profesionales del cine, resultado que sorprendi\u00f3 a los mismos responsables del proyecto, ya que Rafaela no ten\u00eda, con excepciones, los premios, galardones y reconocimientos entregados en su momento a otras excelentes cintas dominicanas.<\/p>\n\n\n\n<p class=\"wp-block-paragraph\">Rafaela (Tito Rodr\u00edguez) basada en idea original de 2011 de Judith Rodr\u00edguez, para entonces estudiante de comunicaci\u00f3n (con enfoque audiovisual) para la Escuela de Comunicaci\u00f3n de PUCMM, se presentaba como \u201cla tarea cinematogr\u00e1fica imposible\u201d dijo Judith Rodr\u00edguez.<\/p>\n\n\n\n<p class=\"wp-block-paragraph\">La actriz destac\u00f3 que la b\u00fasqueda de inversionistas fue un proceso cuesta arriba, porque muchos no deseaban verse vinculados a un proyecto que presenta una comunidad marginal y supuestamente violenta y antisocial, como el barrio Capotillo.<\/p>\n\n\n\n<p class=\"wp-block-paragraph\">La directora de Comunicaci\u00f3n de la Pontificia Universidad Cat\u00f3lica Madre y Maestra, Ana B\u00e9lgica G\u00fc\u00edchardo, present\u00f3 el corto original de Rafaela (2011).<\/p>\n\n\n\n<p class=\"wp-block-paragraph\">Luego de esa exhibici\u00f3n se desarroll\u00f3 un conversatorio que expuso las circunstancias en que se hizo posible llevar a t\u00e9rmino un proyecto que tom\u00f3 once a\u00f1os para plasmarse en la pantalla grande.<\/p>\n\n\n\n<p class=\"wp-block-paragraph\">Premios y honores<\/p>\n\n\n\n<p class=\"wp-block-paragraph\">La funci\u00f3n privada al final fue un homenaje con la entrega a Judith Rodr\u00edguez, Danilo Rodr\u00edguez, Archie L\u00f3pez y Angurria, cuyo dise\u00f1o se bas\u00f3 en el cartel de la pel\u00edcula, grabadas a color por laser por parte de Logomarca.<\/p>\n\n\n\n<p class=\"wp-block-paragraph\">Rafaela logr\u00f3 seis premios de ADOCINE: Mejor pel\u00edcula, direcci\u00f3n, mejor actriz, actor principal; mejor productor y mejor afiche.<\/p>\n\n\n\n<p class=\"wp-block-paragraph\">La exhibici\u00f3n de Rafaela fue un acto de justicia y un enfoque revelador de lo complicado que resulta hacer una pel\u00edcula sobre una realidad que no es la que se presenta ordinariamente de lo que somos como comunidad nacional.<\/p>\n\n\n\n<p class=\"wp-block-paragraph\">En el panel participaron, Danilo Reynoso (productor), Luis L\u00f3pez (representando a Archie L\u00f3pez, productor asociado), Judith Rodr\u00edguez (protagonista y creadora de historia), Angurria (creador del poster) y la actriz Marisabel Marte (actriz), quienes expusieron lo que les represent\u00f3<\/p>\n\n\n\n<p class=\"wp-block-paragraph\">Carrera de dificultades<\/p>\n\n\n\n<p class=\"wp-block-paragraph\">Judith film\u00f3 en 2011 el corto Rafaela, que promet\u00eda ser semilla de un proyecto de largometraje, pero plantearse eso era mucho. Dijo que persisti\u00f3 y logr\u00f3 interesar a Tito Rodriguez<\/p>\n\n\n\n<p class=\"wp-block-paragraph\">Reynoso dijo que se hicieron esfuerzos para iniciar el rodaje del largometraje, pero que no es sino hasta 2016 cuando se comenzaron a crear las condiciones.<\/p>\n\n\n\n<p class=\"wp-block-paragraph\">El productor dijo que cada uno de los a\u00f1os que siguieron al 2016, se consegu\u00edan, como inversi\u00f3n segura, seis millones de pesos, menos de la tercera o cuarta parte del presupuesto m\u00ednimo para desarrollarlo.<\/p>\n\n\n\n<p class=\"wp-block-paragraph\">Judith Rodr\u00edguez dijo que rodar una pel\u00edcula en un sector tan particular como Capotillo, para lo cual hubo que contar con la colaboraci\u00f3n de gente de la comunidad para que moderara el sonido de bocinas al momento de rodar, para que cruzara como extras delante de la c\u00e1mara, o incluso para la seguridad del equipo de rodaje.<\/p>\n\n\n\n<p class=\"wp-block-paragraph\">Tras el panel, moderado por la presidenta de la Asociaci\u00f3n de Prensa y Cr\u00edtica Cinematogr\u00e1fica, Dahiana Acosta, se hizo evidente que se trat\u00f3 de una s\u00edntesis de hero\u00edsmo art\u00edsticos, de voluntad inquebrantable ante dificultades extremas.<\/p>\n\n\n\n<p class=\"wp-block-paragraph\">Rafaela es el triunfo de la voluntad de hacer un cine cuando todas las puertas parecen cerradas.<\/p>\n\n\n\n<p class=\"has-text-align-right wp-block-paragraph\"><em>Jos\u00e9 Rafael Sosa<\/em><\/p>\n","protected":false},"excerpt":{"rendered":"<p>SANTO DOMINGO, Rep\u00fablica Dominicana.- El proceso de lograr el drama Rafaela pas\u00f3 por etapas en la cuales se lleg\u00f3 a pensar que no ser\u00eda posible hacerla, por las dificultades, algunas de ellas aparentemente infranqueables, como la econ\u00f3mica y los prejuicios sociales contra un barrio marginado, revel\u00f3 en un panel sobre la cinta, la creadora del [&hellip;]<\/p>\n","protected":false},"author":1,"featured_media":387587,"comment_status":"open","ping_status":"open","sticky":false,"template":"","format":"standard","meta":{"_bbp_topic_count":0,"_bbp_reply_count":0,"_bbp_total_topic_count":0,"_bbp_total_reply_count":0,"_bbp_voice_count":0,"_bbp_anonymous_reply_count":0,"_bbp_topic_count_hidden":0,"_bbp_reply_count_hidden":0,"_bbp_forum_subforum_count":0,"footnotes":""},"categories":[39],"tags":[],"class_list":["post-387585","post","type-post","status-publish","format-standard","has-post-thumbnail","category-entretenimiento"],"_links":{"self":[{"href":"https:\/\/primermomento.com\/index.php?rest_route=\/wp\/v2\/posts\/387585","targetHints":{"allow":["GET"]}}],"collection":[{"href":"https:\/\/primermomento.com\/index.php?rest_route=\/wp\/v2\/posts"}],"about":[{"href":"https:\/\/primermomento.com\/index.php?rest_route=\/wp\/v2\/types\/post"}],"author":[{"embeddable":true,"href":"https:\/\/primermomento.com\/index.php?rest_route=\/wp\/v2\/users\/1"}],"replies":[{"embeddable":true,"href":"https:\/\/primermomento.com\/index.php?rest_route=%2Fwp%2Fv2%2Fcomments&post=387585"}],"version-history":[{"count":1,"href":"https:\/\/primermomento.com\/index.php?rest_route=\/wp\/v2\/posts\/387585\/revisions"}],"predecessor-version":[{"id":387588,"href":"https:\/\/primermomento.com\/index.php?rest_route=\/wp\/v2\/posts\/387585\/revisions\/387588"}],"wp:featuredmedia":[{"embeddable":true,"href":"https:\/\/primermomento.com\/index.php?rest_route=\/wp\/v2\/media\/387587"}],"wp:attachment":[{"href":"https:\/\/primermomento.com\/index.php?rest_route=%2Fwp%2Fv2%2Fmedia&parent=387585"}],"wp:term":[{"taxonomy":"category","embeddable":true,"href":"https:\/\/primermomento.com\/index.php?rest_route=%2Fwp%2Fv2%2Fcategories&post=387585"},{"taxonomy":"post_tag","embeddable":true,"href":"https:\/\/primermomento.com\/index.php?rest_route=%2Fwp%2Fv2%2Ftags&post=387585"}],"curies":[{"name":"wp","href":"https:\/\/api.w.org\/{rel}","templated":true}]}}