{"id":387646,"date":"2023-05-18T08:57:06","date_gmt":"2023-05-18T12:57:06","guid":{"rendered":"https:\/\/primermomento.com\/?p=387646"},"modified":"2023-05-18T09:01:32","modified_gmt":"2023-05-18T13:01:32","slug":"todo-listo-para-el-inicio-de-la-cumbre-del-g7-en-hiroshima","status":"publish","type":"post","link":"https:\/\/primermomento.com\/?p=387646","title":{"rendered":"Todo listo para el inicio de la cumbre del G7 en Hiroshima"},"content":{"rendered":"\n<p class=\"wp-block-paragraph\">TOKIO, Jap\u00f3n.- Joe Biden ha sido uno de los primeros l\u00edderes del G7 en estrechar la mano del primer ministro japon\u00e9s, Fumio Kishida, anfitri\u00f3n de una cumbre de car\u00e1cter m\u00e1s pol\u00edtico que econ\u00f3mico. La guerra en Ucrania y sus consecuencias para la econom\u00eda y la seguridad mundiales centrar\u00e1n gran parte de las conversaciones. Tambi\u00e9n estar\u00e1 en la agenda la pol\u00edtica exterior cada vez m\u00e1s asertiva de China, un tema que preocupa especialmente a Tokio y Washington.<\/p>\n\n\n\n<p class=\"wp-block-paragraph\">El resto de l\u00edderes mundiales han ido llegando poco a poco a Hiroshima, donde el viernes comienza la cumbre de tres d\u00edas. El Canciller alem\u00e1n, Olaf Scholz, lleg\u00f3 acompa\u00f1ado de su esposa Britta Ernst. Es su primer viaje oficial juntos al extranjero. El primer ministro brit\u00e1nico, Rishi Sunak, ha hecho lo propio.<\/p>\n\n\n\n<p class=\"wp-block-paragraph\">Ambos presidentes han reiterado esta semana su compromiso con la defensa de Ucrania, prometiendo m\u00e1s armas y ayuda militar. De hecho, Jap\u00f3n es el \u00fanico miembro del G7 que no ha ayudado militarmente a Ucrania. El hecho de que la cumbre se celebre en Hiroshima est\u00e1 cargado de simbolismo en un momento en el que algunos en Rusia esgrimen la amenaza nuclear.<\/p>\n\n\n\n<p class=\"has-text-align-right wp-block-paragraph\"><em>EuroNews<\/em><\/p>\n","protected":false},"excerpt":{"rendered":"<p>TOKIO, Jap\u00f3n.- Joe Biden ha sido uno de los primeros l\u00edderes del G7 en estrechar la mano del primer ministro japon\u00e9s, Fumio Kishida, anfitri\u00f3n de una cumbre de car\u00e1cter m\u00e1s pol\u00edtico que econ\u00f3mico. La guerra en Ucrania y sus consecuencias para la econom\u00eda y la seguridad mundiales centrar\u00e1n gran parte de las conversaciones. Tambi\u00e9n estar\u00e1 [&hellip;]<\/p>\n","protected":false},"author":1,"featured_media":387647,"comment_status":"open","ping_status":"open","sticky":false,"template":"","format":"video","meta":{"_bbp_topic_count":0,"_bbp_reply_count":0,"_bbp_total_topic_count":0,"_bbp_total_reply_count":0,"_bbp_voice_count":0,"_bbp_anonymous_reply_count":0,"_bbp_topic_count_hidden":0,"_bbp_reply_count_hidden":0,"_bbp_forum_subforum_count":0,"footnotes":""},"categories":[61,106],"tags":[],"class_list":["post-387646","post","type-post","status-publish","format-video","has-post-thumbnail","category-mundo","category-video-news","post_format-post-format-video"],"_links":{"self":[{"href":"https:\/\/primermomento.com\/index.php?rest_route=\/wp\/v2\/posts\/387646","targetHints":{"allow":["GET"]}}],"collection":[{"href":"https:\/\/primermomento.com\/index.php?rest_route=\/wp\/v2\/posts"}],"about":[{"href":"https:\/\/primermomento.com\/index.php?rest_route=\/wp\/v2\/types\/post"}],"author":[{"embeddable":true,"href":"https:\/\/primermomento.com\/index.php?rest_route=\/wp\/v2\/users\/1"}],"replies":[{"embeddable":true,"href":"https:\/\/primermomento.com\/index.php?rest_route=%2Fwp%2Fv2%2Fcomments&post=387646"}],"version-history":[{"count":1,"href":"https:\/\/primermomento.com\/index.php?rest_route=\/wp\/v2\/posts\/387646\/revisions"}],"predecessor-version":[{"id":387648,"href":"https:\/\/primermomento.com\/index.php?rest_route=\/wp\/v2\/posts\/387646\/revisions\/387648"}],"wp:featuredmedia":[{"embeddable":true,"href":"https:\/\/primermomento.com\/index.php?rest_route=\/wp\/v2\/media\/387647"}],"wp:attachment":[{"href":"https:\/\/primermomento.com\/index.php?rest_route=%2Fwp%2Fv2%2Fmedia&parent=387646"}],"wp:term":[{"taxonomy":"category","embeddable":true,"href":"https:\/\/primermomento.com\/index.php?rest_route=%2Fwp%2Fv2%2Fcategories&post=387646"},{"taxonomy":"post_tag","embeddable":true,"href":"https:\/\/primermomento.com\/index.php?rest_route=%2Fwp%2Fv2%2Ftags&post=387646"}],"curies":[{"name":"wp","href":"https:\/\/api.w.org\/{rel}","templated":true}]}}