{"id":387745,"date":"2023-05-19T10:52:26","date_gmt":"2023-05-19T14:52:26","guid":{"rendered":"https:\/\/primermomento.com\/?p=387745"},"modified":"2023-05-19T11:06:15","modified_gmt":"2023-05-19T15:06:15","slug":"banl-afirma-recogida-de-basura-ha-sido-efectiva-en-la-actual-gestion-municipal","status":"publish","type":"post","link":"https:\/\/primermomento.com\/?p=387745","title":{"rendered":"BAN\u013a | Afirma recogida de basura ha sido efectiva en la actual gesti\u00f3n municipal"},"content":{"rendered":"\n<p class=\"wp-block-paragraph\">BAN\u013a, Rep\u00fablica Dominicana.- El Ayuntamiento de Ban\u00ed, a trav\u00e9s del departamento de Servicios Municipales, particip\u00f3 en el encuentro provincial Peravia-Ocoa, en el que se desarroll\u00f3 el tema \u201cConstruyendo Soluciones a la Gesti\u00f3n Integral de los Residuos S\u00f3lidos\u201d, coordinado por la Liga Municipal Dominicana (LMD) y el Sistema de Monitoreo de la Administraci\u00f3n P\u00fablica (SISMAP).<\/p>\n\n\n\n<p class=\"wp-block-paragraph\">La vicealcaldesa, Adriana Soto, al ofrecer las palabras de bienvenida en representaci\u00f3n del alcalde Santo Ram\u00edrez, agradeci\u00f3 a los directivos del conversatorio por traer a Ban\u00ed iniciativas como estas, que tienen como objetivo contribuir con el saneamiento ambiental, aplicando pol\u00edticas p\u00fablicas que aportan al ornato de cada lugar del pa\u00eds y al respecto dijo estar satisfecha del apoyo que han mostrado a los gobiernos locales en cuanto a la gesti\u00f3n de obras de mucha relevancia de beneficio colectivo.<\/p>\n\n\n\n<figure class=\"wp-block-image size-full\"><img loading=\"lazy\" decoding=\"async\" width=\"856\" height=\"571\" src=\"https:\/\/primermomento.com\/wp-content\/uploads\/2023\/05\/Adriana-Soto-vicealcaldesa-Bani.jpg\" alt=\"\" class=\"wp-image-387747\" srcset=\"https:\/\/primermomento.com\/wp-content\/uploads\/2023\/05\/Adriana-Soto-vicealcaldesa-Bani.jpg 856w, https:\/\/primermomento.com\/wp-content\/uploads\/2023\/05\/Adriana-Soto-vicealcaldesa-Bani-300x200.jpg 300w, https:\/\/primermomento.com\/wp-content\/uploads\/2023\/05\/Adriana-Soto-vicealcaldesa-Bani-768x512.jpg 768w, https:\/\/primermomento.com\/wp-content\/uploads\/2023\/05\/Adriana-Soto-vicealcaldesa-Bani-696x464.jpg 696w\" sizes=\"auto, (max-width: 856px) 100vw, 856px\" \/><\/figure>\n\n\n\n<p class=\"has-text-align-center wp-block-paragraph\"><em>Adriana Soto, vicealcaldesa, durante la introducci\u00f3n del evento.<\/em><\/p>\n\n\n\n<p class=\"wp-block-paragraph\">Por su parte, la encargada de Servicios Municipales, Shirley Burgos, en su ponencia sobre las experiencias del Ayuntamiento de Ban\u00ed, destac\u00f3 que desde que empezaron a trabajar bajo el monitoreo del observatorio de la LMD y el SISMAP han mostrado evidencias de las labores que realizan diariamente para mejorar la recolecci\u00f3n y destino final de los desechos s\u00f3lidos en este municipio.<\/p>\n\n\n\n<p class=\"wp-block-paragraph\">Agreg\u00f3 que hoy en d\u00eda existe una mayor organizaci\u00f3n de las rutas, frecuencia de retiro de desechos, rotulaci\u00f3n de veh\u00edculos e inclusi\u00f3n de nuevos sectores que no recib\u00edan el servicio, indicando como ejemplo Las Yayitas donde nunca hab\u00eda pasado un cami\u00f3n colector<\/p>\n\n\n\n<p class=\"wp-block-paragraph\">\u201cHemos mejorado un 98% la recogida de los desechos s\u00f3lidos en el municipio de Ban\u00ed\u201d, cit\u00f3 la funcionaria\u201d, dijo Burgos.<\/p>\n\n\n\n<p class=\"wp-block-paragraph\">Acudi\u00f3 a la conferencia, Claudio Lugo, director del Instituto de Capacitaci\u00f3n Municipal, (ICAM) en representaci\u00f3n del presidente de la Liga Municipal Dominicana, V\u00edctor D` Aza, quien tuvo a su cargo la motivaci\u00f3n y objetivo de la actividad, en la que sostuvo que el prop\u00f3sito del encuentro es lograr que los cabildos y juntas distritales eliminen la mayor cantidad de botaderos a cielo abierto, as\u00ed como premiar su buena gesti\u00f3n de los residuos.<\/p>\n\n\n\n<figure class=\"wp-block-image size-full\"><img loading=\"lazy\" decoding=\"async\" width=\"856\" height=\"571\" src=\"https:\/\/primermomento.com\/wp-content\/uploads\/2023\/05\/Encuentro-municipal-provincial-Bani-Ocoa-1.jpg\" alt=\"\" class=\"wp-image-387751\" srcset=\"https:\/\/primermomento.com\/wp-content\/uploads\/2023\/05\/Encuentro-municipal-provincial-Bani-Ocoa-1.jpg 856w, https:\/\/primermomento.com\/wp-content\/uploads\/2023\/05\/Encuentro-municipal-provincial-Bani-Ocoa-1-300x200.jpg 300w, https:\/\/primermomento.com\/wp-content\/uploads\/2023\/05\/Encuentro-municipal-provincial-Bani-Ocoa-1-768x512.jpg 768w, https:\/\/primermomento.com\/wp-content\/uploads\/2023\/05\/Encuentro-municipal-provincial-Bani-Ocoa-1-696x464.jpg 696w\" sizes=\"auto, (max-width: 856px) 100vw, 856px\" \/><\/figure>\n\n\n\n<p class=\"has-text-align-center wp-block-paragraph\"><em>Representantes de las alcald\u00edas y distritos municipales de ambas provincias<\/em><\/p>\n\n\n\n<p class=\"wp-block-paragraph\">Participaron en el encuentro celebrado en el Cine Teatro Vaganiona, Olivia Castillo, gobernadora de la provincia San Jos\u00e9 de Ocoa; Aneudy Ortiz, alcalde del municipio San Jos\u00e9 de Ocoa, Eleazar Guerrero alcalde del municipio Nizao; Manuel Marte encargado del Observatorio Municipal LMD, Elvis L\u00f3pez especialista en Residuos S\u00f3lidos, Davis Aracena del Fideicomiso DO Sostenible, alcalde Sabana Larga, Milton Brea, alcaldesa de Matanzas Susy P\u00e9rez, Nelson Ramon Garc\u00eda, enlace de distritos municipales de la Liga Municipal Dominicana, funcionarios del Ayuntamiento de Ban\u00ed, representantes de las diferentes juntas distritales y alcald\u00edas de la provincia Peravia.<\/p>\n","protected":false},"excerpt":{"rendered":"<p>BAN\u013a, Rep\u00fablica Dominicana.- El Ayuntamiento de Ban\u00ed, a trav\u00e9s del departamento de Servicios Municipales, particip\u00f3 en el encuentro provincial Peravia-Ocoa, en el que se desarroll\u00f3 el tema \u201cConstruyendo Soluciones a la Gesti\u00f3n Integral de los Residuos S\u00f3lidos\u201d, coordinado por la Liga Municipal Dominicana (LMD) y el Sistema de Monitoreo de la Administraci\u00f3n P\u00fablica (SISMAP). La [&hellip;]<\/p>\n","protected":false},"author":1,"featured_media":387746,"comment_status":"open","ping_status":"open","sticky":false,"template":"","format":"video","meta":{"_bbp_topic_count":0,"_bbp_reply_count":0,"_bbp_total_topic_count":0,"_bbp_total_reply_count":0,"_bbp_voice_count":0,"_bbp_anonymous_reply_count":0,"_bbp_topic_count_hidden":0,"_bbp_reply_count_hidden":0,"_bbp_forum_subforum_count":0,"footnotes":""},"categories":[30,106],"tags":[],"class_list":["post-387745","post","type-post","status-publish","format-video","has-post-thumbnail","category-actualidad","category-video-news","post_format-post-format-video"],"_links":{"self":[{"href":"https:\/\/primermomento.com\/index.php?rest_route=\/wp\/v2\/posts\/387745","targetHints":{"allow":["GET"]}}],"collection":[{"href":"https:\/\/primermomento.com\/index.php?rest_route=\/wp\/v2\/posts"}],"about":[{"href":"https:\/\/primermomento.com\/index.php?rest_route=\/wp\/v2\/types\/post"}],"author":[{"embeddable":true,"href":"https:\/\/primermomento.com\/index.php?rest_route=\/wp\/v2\/users\/1"}],"replies":[{"embeddable":true,"href":"https:\/\/primermomento.com\/index.php?rest_route=%2Fwp%2Fv2%2Fcomments&post=387745"}],"version-history":[{"count":3,"href":"https:\/\/primermomento.com\/index.php?rest_route=\/wp\/v2\/posts\/387745\/revisions"}],"predecessor-version":[{"id":387755,"href":"https:\/\/primermomento.com\/index.php?rest_route=\/wp\/v2\/posts\/387745\/revisions\/387755"}],"wp:featuredmedia":[{"embeddable":true,"href":"https:\/\/primermomento.com\/index.php?rest_route=\/wp\/v2\/media\/387746"}],"wp:attachment":[{"href":"https:\/\/primermomento.com\/index.php?rest_route=%2Fwp%2Fv2%2Fmedia&parent=387745"}],"wp:term":[{"taxonomy":"category","embeddable":true,"href":"https:\/\/primermomento.com\/index.php?rest_route=%2Fwp%2Fv2%2Fcategories&post=387745"},{"taxonomy":"post_tag","embeddable":true,"href":"https:\/\/primermomento.com\/index.php?rest_route=%2Fwp%2Fv2%2Ftags&post=387745"}],"curies":[{"name":"wp","href":"https:\/\/api.w.org\/{rel}","templated":true}]}}