{"id":387756,"date":"2023-05-19T07:00:00","date_gmt":"2023-05-19T11:00:00","guid":{"rendered":"https:\/\/primermomento.com\/?p=387756"},"modified":"2023-05-19T11:50:45","modified_gmt":"2023-05-19T15:50:45","slug":"doce-cineastas-dominicanos-participan-en-encuentro-de-coproduccion-cinematografica-internacional-en-marche-du-film-del-festival-de-cannes","status":"publish","type":"post","link":"https:\/\/primermomento.com\/?p=387756","title":{"rendered":"Doce cineastas dominicanos participan en Festival de Cannes"},"content":{"rendered":"\n<p class=\"wp-block-paragraph\">CANNES, Francia.- La Direcci\u00f3n General de Cine (DGCINE), junto con la Associazione Nazionale Industrie Cinematografiche Audiovisive e Digitali (ANICA), realiz\u00f3 el primer encuentro de coproducci\u00f3n cinematogr\u00e1fica internacional, en el marco del March\u00e9 Du Film del Festival de Cannes donde particip\u00f3 una delegaci\u00f3n de cineastas integrada por 12 dominicanos y 19 italianos.<\/p>\n\n\n\n<p class=\"wp-block-paragraph\">El encuentro, llevado a cabo en el pabell\u00f3n de Italia cont\u00f3 con la presencia de Marianna Vargas, directora general de la DGCINE y de Roberto Stabile, director de relaciones internacionales de ANICA, y se realiz\u00f3 con el objetivo de continuar afianzando los lazos en materia cinematogr\u00e1fica entre ambos pa\u00edses y fomentar el uso del acuerdo de coproducci\u00f3n que Rep\u00fablica Dominicana firm\u00f3 con Italia en 2019.<\/p>\n\n\n\n<p class=\"wp-block-paragraph\">La DGCINE, representada por su directora general, expres\u00f3 que \u201ces un honor para el pa\u00eds impulsar este tipo de eventos, en los que brindamos un espacio para la apertura de oportunidades internacionales para nuestros cineastas dominicanos. Este encuentro es un resultado de las conversaciones y esfuerzos que se llevaron acabo en el European Film Market en el mes de febrero, y desde la DGCINE estamos enfocados en continuar posicionando a la Rep\u00fablica Dominicana en ser un socio ideal en la regi\u00f3n para las coproducciones\u201d.<\/p>\n\n\n\n<p class=\"wp-block-paragraph\">En el encuentro, tambi\u00e9n participaron autoridades de la Agencia del Cine y el Audiovisual del Uruguay (ACAU), el Instituto Nacional del Audiovisual Paraguayo (INAP) y el Bogot\u00e1 Audiovisual Market (BAM), quienes presentaron las distintas oportunidades que ofrecen a trav\u00e9s de la industria cinematogr\u00e1fica e incentivos de sus pa\u00edses. Asimismo, se sostuvieron reuniones de networking con los asistentes.<\/p>\n\n\n\n<p class=\"wp-block-paragraph\">La Rep\u00fablica Dominicana busca continuar estrechando lazos con Italia y paises de Latinoam\u00e9rica, espec\u00edficamente a trav\u00e9s de las coproducciones, ya que fomentan la visibilidad de los talentos y los proyectos. De igual manera, permite que las peliculas dominicanas tengan una mayor ventana de exhibici\u00f3n y distribuci\u00f3n, al igual que acceso a nuevos mercados y fondos.<\/p>\n\n\n\n<p class=\"wp-block-paragraph\"><strong>Sobre RD @Cannes<\/strong><\/p>\n\n\n\n<p class=\"wp-block-paragraph\">Este a\u00f1o la DGCINE vuelve a participar, por 12va vez, en el mayor encuentro internacional de profesionales de la industria del cine, donde se dan cita m\u00e1s de 12,500 participantes, provenientes de 121 pa\u00edses, del 17 al 25 de mayo de 2023.<\/p>\n\n\n\n<p class=\"wp-block-paragraph\">Para la ocasi\u00f3n, la delegaci\u00f3n dominicana, encabezada por la directora general de la Direcci\u00f3n General de Cine (DGCINE) Marianna Vargas Gurilieva, incluye 12 directores y productores. La misma est\u00e1 conformada por Sterlyn Ram\u00edrez, Gabriella Moses, Yanillys P\u00e9rez, Leticia Brea, Natalia Cabral, Oriol Estrada, Wendy Espinal, Ico Abreu, Mariel Aponte, Yatna Montilla y Karlina Veras.<\/p>\n\n\n\n<p class=\"wp-block-paragraph\">Seis de estos cineastas dominicanos fueron seleccionados a trav\u00e9s de una convocatoria lanzada por #DGCINE y Producers Network. Estos tendr\u00e1n la oportunidad de participar en todas las actividades organizadas por ambas entidades.<\/p>\n","protected":false},"excerpt":{"rendered":"<p>CANNES, Francia.- La Direcci\u00f3n General de Cine (DGCINE), junto con la Associazione Nazionale Industrie Cinematografiche Audiovisive e Digitali (ANICA), realiz\u00f3 el primer encuentro de coproducci\u00f3n cinematogr\u00e1fica internacional, en el marco del March\u00e9 Du Film del Festival de Cannes donde particip\u00f3 una delegaci\u00f3n de cineastas integrada por 12 dominicanos y 19 italianos. El encuentro, llevado a [&hellip;]<\/p>\n","protected":false},"author":1,"featured_media":387757,"comment_status":"open","ping_status":"open","sticky":false,"template":"","format":"standard","meta":{"_bbp_topic_count":0,"_bbp_reply_count":0,"_bbp_total_topic_count":0,"_bbp_total_reply_count":0,"_bbp_voice_count":0,"_bbp_anonymous_reply_count":0,"_bbp_topic_count_hidden":0,"_bbp_reply_count_hidden":0,"_bbp_forum_subforum_count":0,"footnotes":""},"categories":[39],"tags":[],"class_list":["post-387756","post","type-post","status-publish","format-standard","has-post-thumbnail","category-entretenimiento"],"_links":{"self":[{"href":"https:\/\/primermomento.com\/index.php?rest_route=\/wp\/v2\/posts\/387756","targetHints":{"allow":["GET"]}}],"collection":[{"href":"https:\/\/primermomento.com\/index.php?rest_route=\/wp\/v2\/posts"}],"about":[{"href":"https:\/\/primermomento.com\/index.php?rest_route=\/wp\/v2\/types\/post"}],"author":[{"embeddable":true,"href":"https:\/\/primermomento.com\/index.php?rest_route=\/wp\/v2\/users\/1"}],"replies":[{"embeddable":true,"href":"https:\/\/primermomento.com\/index.php?rest_route=%2Fwp%2Fv2%2Fcomments&post=387756"}],"version-history":[{"count":2,"href":"https:\/\/primermomento.com\/index.php?rest_route=\/wp\/v2\/posts\/387756\/revisions"}],"predecessor-version":[{"id":387762,"href":"https:\/\/primermomento.com\/index.php?rest_route=\/wp\/v2\/posts\/387756\/revisions\/387762"}],"wp:featuredmedia":[{"embeddable":true,"href":"https:\/\/primermomento.com\/index.php?rest_route=\/wp\/v2\/media\/387757"}],"wp:attachment":[{"href":"https:\/\/primermomento.com\/index.php?rest_route=%2Fwp%2Fv2%2Fmedia&parent=387756"}],"wp:term":[{"taxonomy":"category","embeddable":true,"href":"https:\/\/primermomento.com\/index.php?rest_route=%2Fwp%2Fv2%2Fcategories&post=387756"},{"taxonomy":"post_tag","embeddable":true,"href":"https:\/\/primermomento.com\/index.php?rest_route=%2Fwp%2Fv2%2Ftags&post=387756"}],"curies":[{"name":"wp","href":"https:\/\/api.w.org\/{rel}","templated":true}]}}