{"id":387759,"date":"2023-05-19T07:10:00","date_gmt":"2023-05-19T11:10:00","guid":{"rendered":"https:\/\/primermomento.com\/?p=387759"},"modified":"2023-05-19T11:49:25","modified_gmt":"2023-05-19T15:49:25","slug":"coro-nacional-de-ninos-se-presentara-en-el-tn-con-la-gala-coral-magnificus","status":"publish","type":"post","link":"https:\/\/primermomento.com\/?p=387759","title":{"rendered":"Coro Nacional de Ni\u00f1os se presentar\u00e1 en el TN con la Gala Coral Magnificus"},"content":{"rendered":"\n<p class=\"wp-block-paragraph\">SANTO DOMINGO, Rep\u00fablica Dominicana.- Este pr\u00f3ximo 23 de mayo, el Coro Nacional de Ni\u00f1os Dominicanos (CNND) se presentar\u00e1 en la Gala Coral Magnificus, en la cual participar\u00e1n m\u00e1s de 150 cantantes y m\u00fasicos, en un concierto que tendr\u00e1 lugar en la sala Carlos Piantini del Teatro Nacional Eduardo Brito.<\/p>\n\n\n\n<p class=\"wp-block-paragraph\">Creado y dirigido por el maestro \u00c1ngel Herdz, el CNND interpretar\u00e1 un repertorio que incluye obras de grandes compositores de la historia de la m\u00fasica, con obras cantadas en franc\u00e9s, ingl\u00e9s, alem\u00e1n y espa\u00f1ol.<\/p>\n\n\n\n<p class=\"wp-block-paragraph\">La presentaci\u00f3n, en la que tambi\u00e9n participar\u00e1 una pareja de bailarines, los Ni\u00f1os Cantores de Gurabo, la Orquesta Camerata Caribe y todos los integrantes del Programa Coral Canta y Toca, forma parte de las celebraciones del 50 aniversario del Teatro Nacional.<\/p>\n\n\n\n<p class=\"wp-block-paragraph\">Ellin Rodr\u00edguez Luna, coordinadora general del CNND, record\u00f3 que todos los ni\u00f1os y j\u00f3venes del Programa Coral saben leer m\u00fasica.<\/p>\n\n\n\n<p class=\"wp-block-paragraph\">\u201cEstamos promoviendo el arte y la cultura\u201d, explica Rodr\u00edguez, quien a\u00f1adi\u00f3 que el tiempo de formaci\u00f3n de estos ni\u00f1os es de seis a\u00f1os.<\/p>\n\n\n\n<p class=\"wp-block-paragraph\">El nombre de \u201cMagnificus\u201d se debe tanto a que el espect\u00e1culo es un elogio a la voz, como a que estos ni\u00f1os y j\u00f3venes caribe\u00f1os son capaces de intepretar con gracia obras cl\u00e1sicas de la historia de la m\u00fasica coral. Adem\u00e1s, seg\u00fan se ha informado, el repertorio ser\u00e1 variado y con mucho movimiento.<\/p>\n\n\n\n<p class=\"wp-block-paragraph\">Por su parte, el maestro Herdz se\u00f1al\u00f3 que se interpretar\u00e1n canciones de gran acogida en el p\u00fablico, por lo que la primera parte del concierto presentar\u00e1 obras conocidas, mientras que la segunda parte ofrecer\u00e1 temas cl\u00e1sicos.<\/p>\n\n\n\n<p class=\"wp-block-paragraph\">De igual manera, informaron que este concierto ser\u00e1 una forma de festejar los siete a\u00f1os de existencia del Programa Coral del CNND. Esta \u00fanica funci\u00f3n tendr\u00e1 un costo de RD 1000, RD 800 y RD 400 pesos.<\/p>\n\n\n\n<p class=\"wp-block-paragraph\">El Coro Nacional de Ni\u00f1os Dominicanos, auspiciado por el Ministerio de Cultura, es el primero en su g\u00e9nero en el pa\u00eds y re\u00fane a un selecto grupo de ni\u00f1os que han sido entrenados en el Programa Coral Canta y Toca.<\/p>\n","protected":false},"excerpt":{"rendered":"<p>SANTO DOMINGO, Rep\u00fablica Dominicana.- Este pr\u00f3ximo 23 de mayo, el Coro Nacional de Ni\u00f1os Dominicanos (CNND) se presentar\u00e1 en la Gala Coral Magnificus, en la cual participar\u00e1n m\u00e1s de 150 cantantes y m\u00fasicos, en un concierto que tendr\u00e1 lugar en la sala Carlos Piantini del Teatro Nacional Eduardo Brito. Creado y dirigido por el maestro [&hellip;]<\/p>\n","protected":false},"author":1,"featured_media":387760,"comment_status":"open","ping_status":"open","sticky":false,"template":"","format":"standard","meta":{"_bbp_topic_count":0,"_bbp_reply_count":0,"_bbp_total_topic_count":0,"_bbp_total_reply_count":0,"_bbp_voice_count":0,"_bbp_anonymous_reply_count":0,"_bbp_topic_count_hidden":0,"_bbp_reply_count_hidden":0,"_bbp_forum_subforum_count":0,"footnotes":""},"categories":[39],"tags":[],"class_list":["post-387759","post","type-post","status-publish","format-standard","has-post-thumbnail","category-entretenimiento"],"_links":{"self":[{"href":"https:\/\/primermomento.com\/index.php?rest_route=\/wp\/v2\/posts\/387759","targetHints":{"allow":["GET"]}}],"collection":[{"href":"https:\/\/primermomento.com\/index.php?rest_route=\/wp\/v2\/posts"}],"about":[{"href":"https:\/\/primermomento.com\/index.php?rest_route=\/wp\/v2\/types\/post"}],"author":[{"embeddable":true,"href":"https:\/\/primermomento.com\/index.php?rest_route=\/wp\/v2\/users\/1"}],"replies":[{"embeddable":true,"href":"https:\/\/primermomento.com\/index.php?rest_route=%2Fwp%2Fv2%2Fcomments&post=387759"}],"version-history":[{"count":1,"href":"https:\/\/primermomento.com\/index.php?rest_route=\/wp\/v2\/posts\/387759\/revisions"}],"predecessor-version":[{"id":387761,"href":"https:\/\/primermomento.com\/index.php?rest_route=\/wp\/v2\/posts\/387759\/revisions\/387761"}],"wp:featuredmedia":[{"embeddable":true,"href":"https:\/\/primermomento.com\/index.php?rest_route=\/wp\/v2\/media\/387760"}],"wp:attachment":[{"href":"https:\/\/primermomento.com\/index.php?rest_route=%2Fwp%2Fv2%2Fmedia&parent=387759"}],"wp:term":[{"taxonomy":"category","embeddable":true,"href":"https:\/\/primermomento.com\/index.php?rest_route=%2Fwp%2Fv2%2Fcategories&post=387759"},{"taxonomy":"post_tag","embeddable":true,"href":"https:\/\/primermomento.com\/index.php?rest_route=%2Fwp%2Fv2%2Ftags&post=387759"}],"curies":[{"name":"wp","href":"https:\/\/api.w.org\/{rel}","templated":true}]}}