{"id":387766,"date":"2023-05-19T12:21:52","date_gmt":"2023-05-19T16:21:52","guid":{"rendered":"https:\/\/primermomento.com\/?p=387766"},"modified":"2023-05-19T18:53:55","modified_gmt":"2023-05-19T22:53:55","slug":"diputado-afirma-que-estan-avanzadas-conversaciones-para-unificar-boletas-entre-pld-y-fp","status":"publish","type":"post","link":"https:\/\/primermomento.com\/?p=387766","title":{"rendered":"Diputado afirma han avanzado conversaciones para unificar boletas entre PLD y FP"},"content":{"rendered":"\n<p class=\"wp-block-paragraph\">SANTO DOMINGO, Rep\u00fablica Dominicana.- El diputado pelede\u00edsta Elpidio B\u00e1ez afirm\u00f3 que en el Partido de la Liberaci\u00f3n Dominicana ( PLD) y el de la Fuerza del Pueblo, ( FP) se ha entendido que unificando sus candidaturas es una v\u00eda expedita para derrotar la reelecci\u00f3n del presidente Luis Abinader, ya que se ha comprendido que de la divisi\u00f3n esas fuerzas se aprovecha el Partido Revolucionario Moderno, PRM, como ocurri\u00f3 en el 2020.<\/p>\n\n\n\n<p class=\"wp-block-paragraph\">En ese sentido, el dirigente pelede\u00edsta adelant\u00f3 que ya est\u00e1n muy avanzadas las conversaciones para compartir candidaturas municipales y congresuales apoyadas por ambas organizaciones, ponderando las encuestas para determinar el mejor posicionamiento y determinar qui\u00e9n encabezar\u00eda la boleta.<\/p>\n\n\n\n<figure class=\"wp-block-image size-full\"><img loading=\"lazy\" decoding=\"async\" width=\"845\" height=\"469\" src=\"https:\/\/primermomento.com\/wp-content\/uploads\/2023\/05\/Elpidio-Baez-y-Andres-Matos-1.jpg\" alt=\"\" class=\"wp-image-387768\" srcset=\"https:\/\/primermomento.com\/wp-content\/uploads\/2023\/05\/Elpidio-Baez-y-Andres-Matos-1.jpg 845w, https:\/\/primermomento.com\/wp-content\/uploads\/2023\/05\/Elpidio-Baez-y-Andres-Matos-1-300x167.jpg 300w, https:\/\/primermomento.com\/wp-content\/uploads\/2023\/05\/Elpidio-Baez-y-Andres-Matos-1-768x426.jpg 768w, https:\/\/primermomento.com\/wp-content\/uploads\/2023\/05\/Elpidio-Baez-y-Andres-Matos-1-696x386.jpg 696w\" sizes=\"auto, (max-width: 845px) 100vw, 845px\" \/><\/figure>\n\n\n\n<p class=\"has-text-align-center wp-block-paragraph\"><em>Diputado Elpidio B\u00e1ez y el periodista Andr\u00e9s Matos, en el programa Periodismo Sociedad TV<\/em><\/p>\n\n\n\n<p class=\"wp-block-paragraph\">Resalt\u00f3 que un sondeo entre los miembros del Comit\u00e9 Pol\u00edtico del PLD ha dejado ver que la mayor\u00eda del organismo apoya la posible alianza, ya que se entiende que a quien le vaya bien en las elecciones de febrero les ir\u00eda igual en mayo.<\/p>\n\n\n\n<p class=\"wp-block-paragraph\">Adelant\u00f3 que se barajan para la capital que la Senadur\u00eda podr\u00eda ser representada por Omar Fern\u00e1ndez y la Alcald\u00eda por Domingo Contreras, a quien el PLD pretende motivar a que aspire.<\/p>\n\n\n\n<p class=\"wp-block-paragraph\">Tambi\u00e9n para Santo Domingo Este, la Alcald\u00eda podr\u00eda ser en la persona de Luis Alberto, quien goza de un buen posicionamiento y, la Senadur\u00eda para alguien de la FP.<\/p>\n\n\n\n<p class=\"wp-block-paragraph\">En Santiago, la Alcald\u00eda ser\u00eda bien representada en el diputado Fadul y la Senadur\u00eda para uno de la Fuerza del Pueblo.<\/p>\n\n\n\n<p class=\"wp-block-paragraph\">Valora que en San Juan, la salida viable ser\u00eda F\u00e9lix Bautista senador y un pelede\u00edsta alcalde.<\/p>\n\n\n\n<p class=\"wp-block-paragraph\"><strong>JCE Y LAS RESERVAS<\/strong><\/p>\n\n\n\n<p class=\"wp-block-paragraph\">Respeto al enfrentamiento con la posici\u00f3n de la Junta Central Electoral sobre las reservas, Elpidio B\u00e1ez dijo que m\u00e1s de 20 partidos mantienen rechazo a la aplicaci\u00f3n del 20% de las reservas de las candidaturas que establece la Ley 33-18.<\/p>\n\n\n\n<p class=\"wp-block-paragraph\">\u00abCon esa actitud la JCE obstaculiza futuras alianzas de los partidos\u00bb, afirm\u00f3 el legislador al ser entrevistado en el programa Periodismo y Sociedad en TV, que produce el periodista Andr\u00e9s Matos.<\/p>\n\n\n\n<p class=\"wp-block-paragraph\">El diputado por la circunscripci\u00f3n 3 del Distritro Nacional del Partido de la Liberacion Dominicana(PLD), Elpidio B\u00e1ez, dijo que m\u00e1s de 20 partidos pol\u00edticos, incluyendo la organizaci\u00f3n a la que pertenece, mantienen su rechazo a la disposici\u00f3n de la Junta Central Electoral (JCE), sobre la aplicaci\u00f3n del porcentaje de las reservas de las candidaturas que establece la Ley No. 33-18 de partidos, agrupaciones y movimientos pol\u00edticos para las elecciones generales ordinarias de 2024.<\/p>\n\n\n\n<p class=\"wp-block-paragraph\">El legislador puntualiz\u00f3 que la mayor\u00eda de los partidos del sistema dominicano est\u00e1n objetando, e incluso, sometieron un recurso ante el Tribunal Superior Electoral (TSE) que ten\u00eda audiencia y la aplaz\u00f3 al parecer para recibir m\u00e1s documentaci\u00f3n impugnando la decisi\u00f3n de la JCE.<\/p>\n\n\n\n<p class=\"wp-block-paragraph\">El representante del PLD en la C\u00e1mara de Diputados dijo que en el punto de la reserva de candidaturas, la ley de partidos establece que las formaciones pol\u00edticas pueden hacer reservas del 20% de las candidaturas.<\/p>\n\n\n\n<p class=\"wp-block-paragraph\">No obstante, apunt\u00f3 que la JCE plantea que ese 20% se aplique por niveles de elecci\u00f3n, lo que es rechazado por el bloque de partidos opositores que proponen que sea por el universo de las candidaturas.<\/p>\n\n\n\n<p class=\"wp-block-paragraph\">El diputado del PLD dijo que si el organismo electoral establece el 20% por nivel de elecci\u00f3n, es un obst\u00e1culo para que las alianzas fluyan y eso tambi\u00e9n va a afectar l\u00f3gicamente al partido oficial porque tambi\u00e9n le limita su capacidad de aliarse.<\/p>\n\n\n\n<p class=\"wp-block-paragraph\">\u00abLa JCE se est\u00e1 convirtiendo en un obst\u00e1culo a favor del sector pol\u00edtico oficial, ese es el problema\u00bb, sostuvo Elpidio B\u00e1ez.<\/p>\n","protected":false},"excerpt":{"rendered":"<p>SANTO DOMINGO, Rep\u00fablica Dominicana.- El diputado pelede\u00edsta Elpidio B\u00e1ez afirm\u00f3 que en el Partido de la Liberaci\u00f3n Dominicana ( PLD) y el de la Fuerza del Pueblo, ( FP) se ha entendido que unificando sus candidaturas es una v\u00eda expedita para derrotar la reelecci\u00f3n del presidente Luis Abinader, ya que se ha comprendido que de [&hellip;]<\/p>\n","protected":false},"author":1,"featured_media":387767,"comment_status":"open","ping_status":"open","sticky":false,"template":"","format":"video","meta":{"_bbp_topic_count":0,"_bbp_reply_count":0,"_bbp_total_topic_count":0,"_bbp_total_reply_count":0,"_bbp_voice_count":0,"_bbp_anonymous_reply_count":0,"_bbp_topic_count_hidden":0,"_bbp_reply_count_hidden":0,"_bbp_forum_subforum_count":0,"footnotes":""},"categories":[31,106],"tags":[],"class_list":["post-387766","post","type-post","status-publish","format-video","has-post-thumbnail","category-estados-unidos","category-video-news","post_format-post-format-video"],"_links":{"self":[{"href":"https:\/\/primermomento.com\/index.php?rest_route=\/wp\/v2\/posts\/387766","targetHints":{"allow":["GET"]}}],"collection":[{"href":"https:\/\/primermomento.com\/index.php?rest_route=\/wp\/v2\/posts"}],"about":[{"href":"https:\/\/primermomento.com\/index.php?rest_route=\/wp\/v2\/types\/post"}],"author":[{"embeddable":true,"href":"https:\/\/primermomento.com\/index.php?rest_route=\/wp\/v2\/users\/1"}],"replies":[{"embeddable":true,"href":"https:\/\/primermomento.com\/index.php?rest_route=%2Fwp%2Fv2%2Fcomments&post=387766"}],"version-history":[{"count":3,"href":"https:\/\/primermomento.com\/index.php?rest_route=\/wp\/v2\/posts\/387766\/revisions"}],"predecessor-version":[{"id":387772,"href":"https:\/\/primermomento.com\/index.php?rest_route=\/wp\/v2\/posts\/387766\/revisions\/387772"}],"wp:featuredmedia":[{"embeddable":true,"href":"https:\/\/primermomento.com\/index.php?rest_route=\/wp\/v2\/media\/387767"}],"wp:attachment":[{"href":"https:\/\/primermomento.com\/index.php?rest_route=%2Fwp%2Fv2%2Fmedia&parent=387766"}],"wp:term":[{"taxonomy":"category","embeddable":true,"href":"https:\/\/primermomento.com\/index.php?rest_route=%2Fwp%2Fv2%2Fcategories&post=387766"},{"taxonomy":"post_tag","embeddable":true,"href":"https:\/\/primermomento.com\/index.php?rest_route=%2Fwp%2Fv2%2Ftags&post=387766"}],"curies":[{"name":"wp","href":"https:\/\/api.w.org\/{rel}","templated":true}]}}