{"id":387900,"date":"2023-05-20T12:00:00","date_gmt":"2023-05-20T16:00:00","guid":{"rendered":"https:\/\/primermomento.com\/?p=387900"},"modified":"2023-05-21T11:18:08","modified_gmt":"2023-05-21T15:18:08","slug":"presidente-abinader-inaugura-carretera-guayubin-las-matas-de-santa-cruz-copey","status":"publish","type":"post","link":"https:\/\/primermomento.com\/?p=387900","title":{"rendered":"Presidente Abinader inaugura carretera Guayub\u00edn-Las Matas de Santa Cruz-Copey"},"content":{"rendered":"\n<p class=\"wp-block-paragraph\">MONTECRISTI, Rep\u00fablica Dominicana.- El presidente Luis Abinader inaugur\u00f3 este s\u00e1bado la carretera Guayub\u00edn-Las Matas de Santa Cruz-Copey, que cuenta con 36 kil\u00f3metros de largo y tuvo una inversi\u00f3n de RD 1,800 millones.<\/p>\n\n\n\n<p class=\"wp-block-paragraph\">Al pronunciar algunas palabras, el jefe del Estado sostuvo que esta obra tiene gran importancia para Montecristi y las zonas aleda\u00f1as.<\/p>\n\n\n\n<p class=\"wp-block-paragraph\">Afirm\u00f3 que la obra potenciar\u00e1 el puerto de Manzanillo y que las inversiones que se ejecutan en esta provincia est\u00e1n cambiando toda la zona.<\/p>\n\n\n\n<p class=\"wp-block-paragraph\">\u00abEsta carretera es fundamental ya que impactar\u00e1 en la calidad de vida de la gente\u00bb, precis\u00f3 el mandatario.<\/p>\n\n\n\n<p class=\"wp-block-paragraph\">El ministro de Obras P\u00fablicas, Deligne Ascenci\u00f3n, manifest\u00f3 que el proyecto unir\u00e1 el municipio de Guayub\u00edn con el cruce de Copey, el cual conduce directamente a Pepillo Salcedo.<\/p>\n\n\n\n<p class=\"wp-block-paragraph\">Menos de media hora<\/p>\n\n\n\n<p class=\"wp-block-paragraph\">\u00abLa importancia de la ruta, que parte del municipio de Guayub\u00edn, radica en unir en menos de media hora a los 40,000 habitantes de este municipio con el puerto de Manzanillo, atravesando importantes comunidades rurales y peque\u00f1os pueblos, a los cuales estar\u00e1 proporcionando nuevas oportunidades de trabajo\u00bb, indic\u00f3 Ascenci\u00f3n.<\/p>\n\n\n\n<p class=\"wp-block-paragraph\">La carretera tiene un ancho promedio de 6.80 metros y atraviesa toda la provincia uniendo las comunidades de Guayub\u00edn, El Pocito, Las Matas de Santa Cruz, La Pinta, Santa Mar\u00eda, Las Clavelinas, Gozuela, El Llano, Carnero y Copey, de modo que se comunican directamente con el puerto de Manzanillo.<\/p>\n\n\n\n<p class=\"wp-block-paragraph\">El ministro de Obras P\u00fablicas dijo adem\u00e1s que con esta obra se lograr\u00e1 un impacto social y econ\u00f3mico para las poblaciones de las provincias de Santiago Rodr\u00edguez, Valverde (Mao) y Montecristi y de manera indirecta a las poblaciones de Santiago y Dajab\u00f3n, por los v\u00ednculos comerciales y productivos regionales.<\/p>\n\n\n\n<p class=\"wp-block-paragraph\">Luego el jefe de Estado dej\u00f3 inaugurada la rehabilitaci\u00f3n de varias obras el\u00e9ctricas en Montecristi, con una inversi\u00f3n de RD 32 millones. La obra se suma a la amplia lista de proyectos el\u00e9ctricos en esta provincia por un monto de m\u00e1s de RD 400 millones.<\/p>\n\n\n\n<p class=\"wp-block-paragraph\">Con la entrega de esta obra ser\u00e1n beneficiadas alrededor de 703 familias de las comunidades de Nueva Judea y Los Conucos e incluye la iluminaci\u00f3n de puntos que se consideraban cr\u00edticos en horas nocturnas.<\/p>\n\n\n\n<p class=\"wp-block-paragraph\">Durante las palabras centrales del acto, el gerente general de Edenorte, Andr\u00e9s Cueto, manifest\u00f3 que en esta provincia han sido inauguradas m\u00faltiples obras el\u00e9ctricas que son fundamentales para seguir impulsando el crecimiento de las comunidades y mejorando la calidad de vida de cada uno de sus habitantes.<\/p>\n","protected":false},"excerpt":{"rendered":"<p>MONTECRISTI, Rep\u00fablica Dominicana.- El presidente Luis Abinader inaugur\u00f3 este s\u00e1bado la carretera Guayub\u00edn-Las Matas de Santa Cruz-Copey, que cuenta con 36 kil\u00f3metros de largo y tuvo una inversi\u00f3n de RD 1,800 millones. Al pronunciar algunas palabras, el jefe del Estado sostuvo que esta obra tiene gran importancia para Montecristi y las zonas aleda\u00f1as. Afirm\u00f3 que [&hellip;]<\/p>\n","protected":false},"author":1,"featured_media":387901,"comment_status":"open","ping_status":"open","sticky":false,"template":"","format":"video","meta":{"_bbp_topic_count":0,"_bbp_reply_count":0,"_bbp_total_topic_count":0,"_bbp_total_reply_count":0,"_bbp_voice_count":0,"_bbp_anonymous_reply_count":0,"_bbp_topic_count_hidden":0,"_bbp_reply_count_hidden":0,"_bbp_forum_subforum_count":0,"footnotes":""},"categories":[32,106],"tags":[],"class_list":["post-387900","post","type-post","status-publish","format-video","has-post-thumbnail","category-lo-ultimo","category-video-news","post_format-post-format-video"],"_links":{"self":[{"href":"https:\/\/primermomento.com\/index.php?rest_route=\/wp\/v2\/posts\/387900","targetHints":{"allow":["GET"]}}],"collection":[{"href":"https:\/\/primermomento.com\/index.php?rest_route=\/wp\/v2\/posts"}],"about":[{"href":"https:\/\/primermomento.com\/index.php?rest_route=\/wp\/v2\/types\/post"}],"author":[{"embeddable":true,"href":"https:\/\/primermomento.com\/index.php?rest_route=\/wp\/v2\/users\/1"}],"replies":[{"embeddable":true,"href":"https:\/\/primermomento.com\/index.php?rest_route=%2Fwp%2Fv2%2Fcomments&post=387900"}],"version-history":[{"count":1,"href":"https:\/\/primermomento.com\/index.php?rest_route=\/wp\/v2\/posts\/387900\/revisions"}],"predecessor-version":[{"id":387902,"href":"https:\/\/primermomento.com\/index.php?rest_route=\/wp\/v2\/posts\/387900\/revisions\/387902"}],"wp:featuredmedia":[{"embeddable":true,"href":"https:\/\/primermomento.com\/index.php?rest_route=\/wp\/v2\/media\/387901"}],"wp:attachment":[{"href":"https:\/\/primermomento.com\/index.php?rest_route=%2Fwp%2Fv2%2Fmedia&parent=387900"}],"wp:term":[{"taxonomy":"category","embeddable":true,"href":"https:\/\/primermomento.com\/index.php?rest_route=%2Fwp%2Fv2%2Fcategories&post=387900"},{"taxonomy":"post_tag","embeddable":true,"href":"https:\/\/primermomento.com\/index.php?rest_route=%2Fwp%2Fv2%2Ftags&post=387900"}],"curies":[{"name":"wp","href":"https:\/\/api.w.org\/{rel}","templated":true}]}}