{"id":387961,"date":"2023-05-21T18:21:57","date_gmt":"2023-05-21T22:21:57","guid":{"rendered":"https:\/\/primermomento.com\/?p=387961"},"modified":"2023-05-21T22:09:37","modified_gmt":"2023-05-22T02:09:37","slug":"abinader-entrega-150-viviendas-en-santiago-inaugura-planta-de-tratamiento-de-agua","status":"publish","type":"post","link":"https:\/\/primermomento.com\/?p=387961","title":{"rendered":"Abinader entrega 150 viviendas en Santiago; inaugura planta de tratamiento de agua"},"content":{"rendered":"\n<p class=\"wp-block-paragraph\">SANTIAGO, Rep\u00fablica Dominicana.- El presidente Luis Abinader hizo entrega de un total de 154 apartamentos del Plan Mi Vivienda, desarrollado por el Ministerio de la Vivienda y Edificaciones (MIVED) en los sectores La Barranquita y Los Salados de este municipio.<\/p>\n\n\n\n<p class=\"wp-block-paragraph\">En el caso de la Barranquita se entregaron unos 46 apartamentos para completar un total de 136 para beneficio de unas 500 familias que a partir de la fecha cuentan con un techo propio, mientras que, en Los Salados, fueron entregadas 108 apartamentos que totalizan 428, otorgados a igual numero de familias de esta comunidad.<\/p>\n\n\n\n<p class=\"wp-block-paragraph\">Las entregas, que tienen gran importancia para elevar la calidad de vida de los residentes de la provincia de Santiago, fueron encabezadas por el Presidente de la Rep\u00fablica, Luis Abinader, y el Ministro de Vivienda y Edificaciones, Carlos Bonilla.<\/p>\n\n\n\n<p class=\"wp-block-paragraph\">De su lado, el Ministro Bonilla expres\u00f3 que solo integrando vivienda, recreaci\u00f3n y salud se puede alcanzar un desarrollo completo de los dominicanos y de cada familia.<\/p>\n\n\n\n<p class=\"wp-block-paragraph\">\u00abEste compromiso es parte del mandato de nuestro Presidente, Luis Abinader, y seguiremos cumpliendo su promesa porque estamos absolutamente convencidos de que es posible cambiar profundamente a Santiago\u201d, indic\u00f3 Bonilla.<\/p>\n\n\n\n<p class=\"wp-block-paragraph\">En el evento particip\u00f3 el director general de Fiduciaria Reservas, Andr\u00e9s Vanderhorst, quien expres\u00f3: \u201cA la fecha se han entregado 211,151 soluciones de viviendas de bajo costo a trav\u00e9s de Fideicomisos. De estas, 117,260 nuevas soluciones, es decir el 56% de todas las unidades han sido entregadas en los \u00faltimos tres a\u00f1os, lo que demuestra el compromiso de la presente gesti\u00f3n del Presidente Luis Abinader con llevar soluciones habitacionales dignas a toda la geograf\u00eda nacional\u201d.<\/p>\n\n\n\n<p class=\"wp-block-paragraph\">El presidente Luis Abinader dej\u00f3 en funcionamiento la rehabilitada Planta de Tratamiento de Agua Potable Noriega II y otras obras para el sistema construidas por la Corporaci\u00f3n del Acueducto y Alcantarillado de Santiago (Coraasan), con una inversi\u00f3n global ascendente a los 300 millones de pesos.<\/p>\n\n\n\n<p class=\"wp-block-paragraph\">El director de Coraasan, ingeniero Andr\u00e9s Burgos, manifest\u00f3 que, gracias a su avanzada tecnolog\u00eda, esta planta aportar\u00e1 al sistema de distribuci\u00f3n de agua potable de la provincia, alrededor de 23 millones de galones diarios, reduciendo el actual d\u00e9ficit a 7 millones de galones.<\/p>\n\n\n\n<p class=\"wp-block-paragraph\">\u00abNoriega II que tiene una capacidad de un metro c\u00fabico por segundo, fue rehabilitada a un costo ascendente a los 237 millones de pesos e impactar\u00e1 positivamente a m\u00e1s de 250 mil personas en los municipios Licey al Medio, Pu\u00f1al, Tamboril y Santiago de los Caballeros. Se trata de un sistema de gesti\u00f3n de acueductos que probablemente es \u00fanico en el pa\u00eds\u00bb, revel\u00f3 Burgos.<\/p>\n\n\n\n<p class=\"wp-block-paragraph\">\u00abNos sentimos agradecidos por el apoyo brindado por usted se\u00f1or presidente para la ejecuci\u00f3n de obras de gran importancia como esta y a la vez, satisfechos por el resultado obtenido de un arduo trabajo en beneficio de la gente\u00bb, agreg\u00f3 el funcionario.<\/p>\n\n\n\n<p class=\"wp-block-paragraph\"><\/p>\n","protected":false},"excerpt":{"rendered":"<p>SANTIAGO, Rep\u00fablica Dominicana.- El presidente Luis Abinader hizo entrega de un total de 154 apartamentos del Plan Mi Vivienda, desarrollado por el Ministerio de la Vivienda y Edificaciones (MIVED) en los sectores La Barranquita y Los Salados de este municipio. En el caso de la Barranquita se entregaron unos 46 apartamentos para completar un total [&hellip;]<\/p>\n","protected":false},"author":1,"featured_media":387964,"comment_status":"open","ping_status":"open","sticky":false,"template":"","format":"video","meta":{"_bbp_topic_count":0,"_bbp_reply_count":0,"_bbp_total_topic_count":0,"_bbp_total_reply_count":0,"_bbp_voice_count":0,"_bbp_anonymous_reply_count":0,"_bbp_topic_count_hidden":0,"_bbp_reply_count_hidden":0,"_bbp_forum_subforum_count":0,"footnotes":""},"categories":[30,106],"tags":[],"class_list":["post-387961","post","type-post","status-publish","format-video","has-post-thumbnail","category-actualidad","category-video-news","post_format-post-format-video"],"_links":{"self":[{"href":"https:\/\/primermomento.com\/index.php?rest_route=\/wp\/v2\/posts\/387961","targetHints":{"allow":["GET"]}}],"collection":[{"href":"https:\/\/primermomento.com\/index.php?rest_route=\/wp\/v2\/posts"}],"about":[{"href":"https:\/\/primermomento.com\/index.php?rest_route=\/wp\/v2\/types\/post"}],"author":[{"embeddable":true,"href":"https:\/\/primermomento.com\/index.php?rest_route=\/wp\/v2\/users\/1"}],"replies":[{"embeddable":true,"href":"https:\/\/primermomento.com\/index.php?rest_route=%2Fwp%2Fv2%2Fcomments&post=387961"}],"version-history":[{"count":6,"href":"https:\/\/primermomento.com\/index.php?rest_route=\/wp\/v2\/posts\/387961\/revisions"}],"predecessor-version":[{"id":387984,"href":"https:\/\/primermomento.com\/index.php?rest_route=\/wp\/v2\/posts\/387961\/revisions\/387984"}],"wp:featuredmedia":[{"embeddable":true,"href":"https:\/\/primermomento.com\/index.php?rest_route=\/wp\/v2\/media\/387964"}],"wp:attachment":[{"href":"https:\/\/primermomento.com\/index.php?rest_route=%2Fwp%2Fv2%2Fmedia&parent=387961"}],"wp:term":[{"taxonomy":"category","embeddable":true,"href":"https:\/\/primermomento.com\/index.php?rest_route=%2Fwp%2Fv2%2Fcategories&post=387961"},{"taxonomy":"post_tag","embeddable":true,"href":"https:\/\/primermomento.com\/index.php?rest_route=%2Fwp%2Fv2%2Ftags&post=387961"}],"curies":[{"name":"wp","href":"https:\/\/api.w.org\/{rel}","templated":true}]}}