{"id":388140,"date":"2023-05-23T06:05:00","date_gmt":"2023-05-23T10:05:00","guid":{"rendered":"https:\/\/primermomento.com\/?p=388140"},"modified":"2023-05-23T09:10:26","modified_gmt":"2023-05-23T13:10:26","slug":"la-cantautora-jessica-medina-estrena-tema-de-raiz-dedicado-a-su-madre","status":"publish","type":"post","link":"https:\/\/primermomento.com\/?p=388140","title":{"rendered":"La cantautora Jessica Medina estrena tema \u201cDe Ra\u00edz\u201d dedicado a su madre"},"content":{"rendered":"\n<ul class=\"wp-block-list\">\n<li><em><strong>Medina, adem\u00e1s, y a prop\u00f3sito del mes de la salud mental y el d\u00eda de las madres con su nuevo EP \u201cRosa\u201d, un homenaje a las mujeres poderosas que la han guiado a lo largo de su vida, siendo su madre una de ellas<\/strong><\/em><\/li>\n<\/ul>\n\n\n\n<p class=\"wp-block-paragraph\">SANTO DOMINGO, Rep\u00fablica Dominicana.- Un tema propicio para la celebraci\u00f3n del D\u00eda de las Madres este domingo 28 de Mayo, que hace reflexionar, especialmente en nuestras comunidades, sobre la salud mental. Se trata de \u00abDe Ra\u00edz\u00bb, escrita por Medina y Pavel N\u00fa\u00f1ez, lleva a los oyentes a trav\u00e9s del proceso de demencia y dolor. La canci\u00f3n captura la importancia de preservar el legado y los recuerdos de nuestros padres a trav\u00e9s de la narraci\u00f3n de las historias y recordando nuestras ra\u00edces. \u00abDe Ra\u00edz\u00bb es especialmente personal para Medina.<\/p>\n\n\n\n<p class=\"wp-block-paragraph\">Un ramo de melod\u00edas y ritmos que reflejan las ra\u00edces caribe\u00f1as, jazz y soul, propios de Jessica, dentro del EP \u201cRosa\u201d arreglado y producido por Janina Rosado. El EP cuenta con originales de Jessica, as\u00ed como composiciones de Alex Cuba, Pavel N\u00fa\u00f1ez y Juan Jos\u00e9 Hern\u00e1ndez. El EP tambi\u00e9n incluye una versi\u00f3n trap\/bachata de un cl\u00e1sico de Elton John.<\/p>\n\n\n\n<p class=\"wp-block-paragraph\">Escucha \u201cDe Ra\u00edz\u201d desde ya, de la cantautora Jessica Medina y Pavel N\u00fa\u00f1ez, desde la plataforma digital favorita para escuchar m\u00fasica, en los canales oficiales de la artista, en honor a las madres y a nuestras ra\u00edces.<\/p>\n\n\n\n<p class=\"wp-block-paragraph\"><strong>Acerca de Jessica Medina<\/strong>:<\/p>\n\n\n\n<p class=\"wp-block-paragraph\">Nacida en Nueva York, de madre dominicana y padre puertorrique\u00f1o, cuyas voces fueron el soundtrack de sus a\u00f1os de formaci\u00f3n, ella absorbi\u00f3 toda una vida de ra\u00edces musicales. Estudi\u00f3 jazz y derecho en el Hunter College de la ciudad de NY, influenciada desde muy ni\u00f1a por el merengue, y sobre todo por el de los a\u00f1os 80\u2019s. Al tener las riquezas musicales de dos culturas, esta propuesta es una mezcla de ambas.<\/p>\n\n\n\n<p class=\"wp-block-paragraph\">Jessica Medina rompi\u00f3 barreras con su sencillo anterior \u201cSi t\u00fa te vas\u201d con Jorge Glem (Cuatrista, Ganador de Latin Grammy). En este emblem\u00e1tico tema de Juan Luis Guerra, abordado desde un estilo totalmente nuevo.<\/p>\n\n\n\n<p class=\"wp-block-paragraph\">Jessica Medina ha sido se\u00f1alada por medios de gran relevancia como es NPR, como \u201cUna nueva artista que no puedes dejar de escuchar\u201d, y esta nueva propuesta lo confirma. Constantemente arriesg\u00e1ndose, rompiendo las barreras que impone la industria musical al idioma, ofreciendo letras biling\u00fces y atrayendo a la nueva generaci\u00f3n denominada \u201clatinx\u201d que se refiere a los latinos criados en Estados Unidos.<\/p>\n\n\n\n<p class=\"wp-block-paragraph\">Para m\u00e1s informaci\u00f3n s\u00edguela en sus redes: @jessicamedinamusic<br><\/p>\n\n\n\n<p class=\"has-text-align-right wp-block-paragraph\"><em>Patz Guerrero<\/em><\/p>\n","protected":false},"excerpt":{"rendered":"<p>SANTO DOMINGO, Rep\u00fablica Dominicana.- Un tema propicio para la celebraci\u00f3n del D\u00eda de las Madres este domingo 28 de Mayo, que hace reflexionar, especialmente en nuestras comunidades, sobre la salud mental. Se trata de \u00abDe Ra\u00edz\u00bb, escrita por Medina y Pavel N\u00fa\u00f1ez, lleva a los oyentes a trav\u00e9s del proceso de demencia y dolor. La [&hellip;]<\/p>\n","protected":false},"author":1,"featured_media":388141,"comment_status":"open","ping_status":"open","sticky":false,"template":"","format":"standard","meta":{"_bbp_topic_count":0,"_bbp_reply_count":0,"_bbp_total_topic_count":0,"_bbp_total_reply_count":0,"_bbp_voice_count":0,"_bbp_anonymous_reply_count":0,"_bbp_topic_count_hidden":0,"_bbp_reply_count_hidden":0,"_bbp_forum_subforum_count":0,"footnotes":""},"categories":[39],"tags":[],"class_list":["post-388140","post","type-post","status-publish","format-standard","has-post-thumbnail","category-entretenimiento"],"_links":{"self":[{"href":"https:\/\/primermomento.com\/index.php?rest_route=\/wp\/v2\/posts\/388140","targetHints":{"allow":["GET"]}}],"collection":[{"href":"https:\/\/primermomento.com\/index.php?rest_route=\/wp\/v2\/posts"}],"about":[{"href":"https:\/\/primermomento.com\/index.php?rest_route=\/wp\/v2\/types\/post"}],"author":[{"embeddable":true,"href":"https:\/\/primermomento.com\/index.php?rest_route=\/wp\/v2\/users\/1"}],"replies":[{"embeddable":true,"href":"https:\/\/primermomento.com\/index.php?rest_route=%2Fwp%2Fv2%2Fcomments&post=388140"}],"version-history":[{"count":1,"href":"https:\/\/primermomento.com\/index.php?rest_route=\/wp\/v2\/posts\/388140\/revisions"}],"predecessor-version":[{"id":388142,"href":"https:\/\/primermomento.com\/index.php?rest_route=\/wp\/v2\/posts\/388140\/revisions\/388142"}],"wp:featuredmedia":[{"embeddable":true,"href":"https:\/\/primermomento.com\/index.php?rest_route=\/wp\/v2\/media\/388141"}],"wp:attachment":[{"href":"https:\/\/primermomento.com\/index.php?rest_route=%2Fwp%2Fv2%2Fmedia&parent=388140"}],"wp:term":[{"taxonomy":"category","embeddable":true,"href":"https:\/\/primermomento.com\/index.php?rest_route=%2Fwp%2Fv2%2Fcategories&post=388140"},{"taxonomy":"post_tag","embeddable":true,"href":"https:\/\/primermomento.com\/index.php?rest_route=%2Fwp%2Fv2%2Ftags&post=388140"}],"curies":[{"name":"wp","href":"https:\/\/api.w.org\/{rel}","templated":true}]}}