{"id":388218,"date":"2023-05-24T10:32:00","date_gmt":"2023-05-24T14:32:00","guid":{"rendered":"https:\/\/primermomento.com\/?p=388218"},"modified":"2023-05-24T12:40:07","modified_gmt":"2023-05-24T16:40:07","slug":"en-medio-de-polemicas-candidatura-de-desantis-a-presidencia-de-eeuu","status":"publish","type":"post","link":"https:\/\/primermomento.com\/?p=388218","title":{"rendered":"En medio de pol\u00e9micas, candidatura de DeSantis a presidencia de EEUU"},"content":{"rendered":"\n<p class=\"wp-block-paragraph\">WASHINGTON, EEUU.- El gobernador de Florida, Ron DeSantis, prev\u00e9 lanzar hoy su candidatura presidencial en medio de varias pol\u00e9micas por su aprobaci\u00f3n de medidas calificadas por grupos progresistas de Estados Unidos como de ultraderecha, asegur\u00f3 un reporte noticioso.<\/p>\n\n\n\n<p class=\"wp-block-paragraph\">De acuerdo con CBS News, el anuncio tendr\u00e1 lugar durante una conversaci\u00f3n con Elon Musk a realizarse en Twitter Spaces, la plataforma del sitio para chats de audio y ser\u00e1 moderado por David Sacks, un empresario tecnol\u00f3gico cercano al due\u00f1o de la red social.<\/p>\n\n\n\n<figure class=\"wp-block-image size-full\"><img loading=\"lazy\" decoding=\"async\" width=\"730\" height=\"500\" src=\"https:\/\/primermomento.com\/wp-content\/uploads\/2023\/05\/DeSantis-a-presidencia-de-EEUU-1.jpg\" alt=\"\" class=\"wp-image-388220\" srcset=\"https:\/\/primermomento.com\/wp-content\/uploads\/2023\/05\/DeSantis-a-presidencia-de-EEUU-1.jpg 730w, https:\/\/primermomento.com\/wp-content\/uploads\/2023\/05\/DeSantis-a-presidencia-de-EEUU-1-300x205.jpg 300w, https:\/\/primermomento.com\/wp-content\/uploads\/2023\/05\/DeSantis-a-presidencia-de-EEUU-1-218x150.jpg 218w, https:\/\/primermomento.com\/wp-content\/uploads\/2023\/05\/DeSantis-a-presidencia-de-EEUU-1-696x477.jpg 696w\" sizes=\"auto, (max-width: 730px) 100vw, 730px\" \/><\/figure>\n\n\n\n<p class=\"wp-block-paragraph\">Seg\u00fan a\u00f1adi\u00f3 el canal de noticias, que cit\u00f3 fuentes relacionadas con el suceso, el lanzamiento vincular\u00e1 estrechamente al multimillonario de la tecnolog\u00eda con DeSantis, considerado una de las estrellas en ascenso del Partido Republicano.<\/p>\n\n\n\n<p class=\"wp-block-paragraph\">Valor\u00f3 el reporte que alinearse con un anuncio de este tipo colocar\u00eda a Musk, y a su compa\u00f1\u00eda, m\u00e1s cerca de una elecci\u00f3n presidencial de lo que cualquier otra firma tecnol\u00f3gica ha estado antes, lo que quiz\u00e1s consiga hacer mella en el poder del m\u00e1s fuerte de los candidatos identificados con el color rojo: el expresidente Donald Trump.<\/p>\n\n\n\n<p class=\"wp-block-paragraph\">Sin embargo, alert\u00f3 c\u00f3mo la gran fama del magnate tiene el potencial de eclipsar al pol\u00edtico, al que quiz\u00e1s no convenga verse involucrado en las controvertidas opiniones que suele expresar el empresario sobre determinados temas.<\/p>\n\n\n\n<p class=\"wp-block-paragraph\">Despu\u00e9s de su victoria en la reelecci\u00f3n como l\u00edder de Florida en noviembre del pasado a\u00f1o, DeSantis ha visto allanado su camino para competir por la Casa Blanca.<\/p>\n\n\n\n<p class=\"wp-block-paragraph\">A finales del mes pasado, por ejemplo, un proyecto de ley aprobado por la legislatura eximi\u00f3 de la obligaci\u00f3n de renunciar a su puesto a los funcionarios que en ese territorio se enlistaran en la contienda para dirigir el pa\u00eds, en contraposici\u00f3n a lo establecido antes.<\/p>\n\n\n\n<p class=\"wp-block-paragraph\">Las decisiones m\u00e1s pol\u00e9micas del conservador van desde firmar una norma que anula los requisitos de licencia para portar armas de fuego ocultas, pese al incremento de la violencia armada en Estados Unidos, hasta bloquear un curso de Estudios Afroamericanos para evitar que se imparta esa materia en las escuelas secundarias.<\/p>\n\n\n\n<p class=\"wp-block-paragraph\">Debido en parte a esa iniciativa, la Asociaci\u00f3n Nacional para el Progreso de las Personas de Color de Estados Unidos se\u00f1al\u00f3 que la administraci\u00f3n de Florida \u201ces abiertamente hostil hacia los afroamericanos, las personas de color y los integrantes de la comunidad de lesbianas, gays, bisexuales, transg\u00e9neros y queers (Lgbtq+)\u201d.<\/p>\n\n\n\n<p class=\"wp-block-paragraph\">Justamente por quienes se identifican como parte de ese \u00faltimo grupo result\u00f3 muy criticada una regulaci\u00f3n, denominada por los opositores de DeSantis como \u201cNo digas gay\u201d, que proh\u00edbe los temas de identidad de g\u00e9nero y orientaci\u00f3n sexual impartidos por los maestros de escuela primaria.<\/p>\n\n\n\n<p class=\"wp-block-paragraph\">Otra de sus objetadas disposiciones es aquella que permite a los proveedores de salud rehusarse a dar asistencia en base a creencias morales, \u00e9ticas y religiosas.<\/p>\n\n\n\n<p class=\"wp-block-paragraph\">Eso, seg\u00fan la Uni\u00f3n Estadounidense por las Libertades Civiles, significa que un m\u00e9dico puede negarse a brindar atenci\u00f3n a los floridanos en funci\u00f3n de su idiosincrasia personal y brinda total inmunidad por cualquier consecuencia negativa que resulte de la denegaci\u00f3n de la ayuda.<\/p>\n\n\n\n<p class=\"has-text-align-right wp-block-paragraph\"><em>PL<\/em><\/p>\n","protected":false},"excerpt":{"rendered":"<p>WASHINGTON, EEUU.- El gobernador de Florida, Ron DeSantis, prev\u00e9 lanzar hoy su candidatura presidencial en medio de varias pol\u00e9micas por su aprobaci\u00f3n de medidas calificadas por grupos progresistas de Estados Unidos como de ultraderecha, asegur\u00f3 un reporte noticioso. De acuerdo con CBS News, el anuncio tendr\u00e1 lugar durante una conversaci\u00f3n con Elon Musk a realizarse [&hellip;]<\/p>\n","protected":false},"author":1,"featured_media":388219,"comment_status":"open","ping_status":"open","sticky":false,"template":"","format":"video","meta":{"_bbp_topic_count":0,"_bbp_reply_count":0,"_bbp_total_topic_count":0,"_bbp_total_reply_count":0,"_bbp_voice_count":0,"_bbp_anonymous_reply_count":0,"_bbp_topic_count_hidden":0,"_bbp_reply_count_hidden":0,"_bbp_forum_subforum_count":0,"footnotes":""},"categories":[61,106],"tags":[],"class_list":["post-388218","post","type-post","status-publish","format-video","has-post-thumbnail","category-mundo","category-video-news","post_format-post-format-video"],"_links":{"self":[{"href":"https:\/\/primermomento.com\/index.php?rest_route=\/wp\/v2\/posts\/388218","targetHints":{"allow":["GET"]}}],"collection":[{"href":"https:\/\/primermomento.com\/index.php?rest_route=\/wp\/v2\/posts"}],"about":[{"href":"https:\/\/primermomento.com\/index.php?rest_route=\/wp\/v2\/types\/post"}],"author":[{"embeddable":true,"href":"https:\/\/primermomento.com\/index.php?rest_route=\/wp\/v2\/users\/1"}],"replies":[{"embeddable":true,"href":"https:\/\/primermomento.com\/index.php?rest_route=%2Fwp%2Fv2%2Fcomments&post=388218"}],"version-history":[{"count":1,"href":"https:\/\/primermomento.com\/index.php?rest_route=\/wp\/v2\/posts\/388218\/revisions"}],"predecessor-version":[{"id":388221,"href":"https:\/\/primermomento.com\/index.php?rest_route=\/wp\/v2\/posts\/388218\/revisions\/388221"}],"wp:featuredmedia":[{"embeddable":true,"href":"https:\/\/primermomento.com\/index.php?rest_route=\/wp\/v2\/media\/388219"}],"wp:attachment":[{"href":"https:\/\/primermomento.com\/index.php?rest_route=%2Fwp%2Fv2%2Fmedia&parent=388218"}],"wp:term":[{"taxonomy":"category","embeddable":true,"href":"https:\/\/primermomento.com\/index.php?rest_route=%2Fwp%2Fv2%2Fcategories&post=388218"},{"taxonomy":"post_tag","embeddable":true,"href":"https:\/\/primermomento.com\/index.php?rest_route=%2Fwp%2Fv2%2Ftags&post=388218"}],"curies":[{"name":"wp","href":"https:\/\/api.w.org\/{rel}","templated":true}]}}